{"id":7796,"date":"2025-09-19T19:57:27","date_gmt":"2025-09-19T17:57:27","guid":{"rendered":"https:\/\/moyzeska.sk\/?p=7796"},"modified":"2025-09-22T13:04:15","modified_gmt":"2025-09-22T11:04:15","slug":"vyhlasenie-volieb-clena-do-rady-skoly-zastupca-rodicov","status":"publish","type":"post","link":"https:\/\/moyzeska.sk\/index.php\/2025\/09\/19\/vyhlasenie-volieb-clena-do-rady-skoly-zastupca-rodicov\/","title":{"rendered":"Vyhl\u00e1senie volieb \u010dlena do Rady \u0161koly \u2013 z\u00e1stupca rodi\u010dov"},"content":{"rendered":"\n<p class=\"has-text-align-center\">Riadite\u013eka SZ\u0160, Moyzesova 17, Ko\u0161ice vyhlasuje v s\u00falade s ustanoven\u00edm \u00a7 1 ods. 5 vyhl\u00e1\u0161ky Ministerstva \u0161kolstva SR \u010d.291\/2004 Z. z., ktorou sa ur\u010duj\u00fa podrobnosti o sp\u00f4sobe ustanovenia org\u00e1nov \u0161kolskej samospr\u00e1vy, o ich zlo\u017een\u00ed, o ich organiza\u010dnom a finan\u010dnom zabezpe\u010den\u00ed a v s\u00falade s ustanoven\u00edm \u010cl. 5 ods. 8 bod a) \u0160tat\u00fatu rady \u0161koly (uplynut\u00edm funk\u010dn\u00e9ho obdobia org\u00e1nu \u0161kolskej samospr\u00e1vy) vo\u013eby<strong> troch \u010dlenov zo z\u00e1stupcov rodi\u010dov<\/strong> do Rady \u0161koly s mand\u00e1tom na nov\u00e9 funk\u010dn\u00e9 obdobie rady \u0161koly od 4. 11. 2025.<\/p>\n\n\n\n<p class=\"has-text-align-center\"><br>Term\u00edn a \u010das konania: <strong>26.09.2025 o 16:30<\/strong><\/p>\n\n\n\n<p class=\"has-text-align-center\"><br>Miesto konania: <strong>Moyzesova 17, Ko\u0161ice \u2013 budova \u0161koly<\/strong><\/p>\n\n\n\n<p class=\"has-text-align-center\"><br>Kandid\u00e1ta na volen\u00e9ho \u010dlena rady \u0161koly m\u00f4\u017ee navrhn\u00fa\u0165 ktor\u00fdko\u013evek z voli\u010dov (rodi\u010dov). Navrhnut\u00fd kandid\u00e1t mus\u00ed potvrdi\u0165 svoj s\u00fahlas p\u00edsomne na z\u00e1klade dobrovo\u013en\u00e9ho rozhodnutia. N\u00e1vrhy na kandid\u00e1tov prij\u00edma volebn\u00e1 komisia 26. 09. 2025 do 16.15 hod. Vo\u013eby do rady \u0161koly sa m\u00f4\u017eu uskuto\u010dni\u0165, ak je pr\u00edtomn\u00e1 nadpolovi\u010dn\u00e1 v\u00e4\u010d\u0161ina opr\u00e1vnen\u00fdch voli\u010dov. Ak sa nezi\u0161la nadpolovi\u010dn\u00e1 v\u00e4\u010d\u0161ina opr\u00e1vnen\u00fdch voli\u010dov, riadite\u013e vyhl\u00e1si opakovan\u00fa vo\u013ebu, pri\u010dom sa pri opakovan\u00fdch vo\u013eb\u00e1ch podmienka \u00fa\u010dasti nadpolovi\u010dnej v\u00e4\u010d\u0161iny nevy\u017eaduje. Pr\u00edpadn\u00e1 opakovan\u00e1 vo\u013eba sa uskuto\u010dn\u00ed v ten ist\u00fd de\u0148, na rovnakom mieste o 17.00 hod. Vo\u013eby sa uskuto\u010dnia tajn\u00fdm hlasovan\u00edm. Platn\u00fd hlasovac\u00ed l\u00edstok je ten, na ktorom s\u00fa ozna\u010den\u00ed maxim\u00e1lne traja kandid\u00e1ti zo z\u00e1stupcov rodi\u010dov.<\/p>\n\n\n\n<p class=\"has-text-align-right\"><br>V Ko\u0161iciach, d\u0148a 19. 09. 2025 <\/p>\n\n\n\n<p class=\"has-text-align-right\"><\/p>\n\n\n\n<p class=\"has-text-align-right\">PhDr. Karol\u00edna Vranaiov\u00e1, PhD., MBA<br>riadite\u013eka \u0161koly<\/p>\n\n\n\n<div class=\"wp-block-file\"><a id=\"wp-block-file--media-e2ff1aba-6f88-417f-bea9-5c6b7a4d738b\" href=\"https:\/\/moyzeska.sk\/wp-content\/uploads\/2025\/09\/Volebny-poriadok.pdf\">Volebn\u00fd poriadok pre vo\u013eby Rady \u0161koly pri SZ\u0160<\/a><a href=\"https:\/\/moyzeska.sk\/wp-content\/uploads\/2025\/09\/Volebny-poriadok.pdf\" class=\"wp-block-file__button wp-element-button\" download aria-describedby=\"wp-block-file--media-e2ff1aba-6f88-417f-bea9-5c6b7a4d738b\">Stiahnu\u0165<\/a><\/div>\n","protected":false},"excerpt":{"rendered":"<p>Riadite\u013eka SZ\u0160, Moyzesova 17, Ko\u0161ice vyhlasuje v s\u00falade s ustanoven\u00edm \u00a7 1 ods. 5 vyhl\u00e1\u0161ky Ministerstva \u0161kolstva SR \u010d.291\/2004 Z. z., ktorou sa ur\u010duj\u00fa podrobnosti o sp\u00f4sobe ustanovenia org\u00e1nov \u0161kolskej samospr\u00e1vy, o ich zlo\u017een\u00ed, o ich organiza\u010dnom a finan\u010dnom zabezpe\u010den\u00ed a v s\u00falade s ustanoven\u00edm \u010cl. 5 ods. 8 bod a) \u0160tat\u00fatu rady \u0161koly (uplynut\u00edm &hellip;<br \/><a href=\"https:\/\/moyzeska.sk\/index.php\/2025\/09\/19\/vyhlasenie-volieb-clena-do-rady-skoly-zastupca-rodicov\/\" class=\"more-link pen_button pen_element_default pen_icon_arrow_double\">Zobrazi\u0165<\/a><\/p>\n","protected":false},"author":1,"featured_media":0,"comment_status":"closed","ping_status":"closed","sticky":false,"template":"","format":"standard","meta":{"_monsterinsights_skip_tracking":false,"_monsterinsights_sitenote_active":false,"_monsterinsights_sitenote_note":"","_monsterinsights_sitenote_category":0},"categories":[1],"tags":[],"yoast_head":"<!-- This site is optimized with the Yoast SEO plugin v21.8.1 - https:\/\/yoast.com\/wordpress\/plugins\/seo\/ -->\n<title>Vyhl\u00e1senie volieb \u010dlena do Rady \u0161koly \u2013 z\u00e1stupca rodi\u010dov - Stredn\u00e1 zdravotn\u00edcka \u0161kola, Moyzesova 17, Ko\u0161ice<\/title>\n<meta name=\"robots\" content=\"index, follow, max-snippet:-1, max-image-preview:large, max-video-preview:-1\" \/>\n<link rel=\"canonical\" href=\"https:\/\/moyzeska.sk\/index.php\/2025\/09\/19\/vyhlasenie-volieb-clena-do-rady-skoly-zastupca-rodicov\/\" \/>\n<meta property=\"og:locale\" content=\"sk_SK\" \/>\n<meta property=\"og:type\" content=\"article\" \/>\n<meta property=\"og:title\" content=\"Vyhl\u00e1senie volieb \u010dlena do Rady \u0161koly \u2013 z\u00e1stupca rodi\u010dov - Stredn\u00e1 zdravotn\u00edcka \u0161kola, Moyzesova 17, Ko\u0161ice\" \/>\n<meta property=\"og:description\" content=\"Riadite\u013eka SZ\u0160, Moyzesova 17, Ko\u0161ice vyhlasuje v s\u00falade s ustanoven\u00edm \u00a7 1 ods. 5 vyhl\u00e1\u0161ky Ministerstva \u0161kolstva SR \u010d.291\/2004 Z. z., ktorou sa ur\u010duj\u00fa podrobnosti o sp\u00f4sobe ustanovenia org\u00e1nov \u0161kolskej samospr\u00e1vy, o ich zlo\u017een\u00ed, o ich organiza\u010dnom a finan\u010dnom zabezpe\u010den\u00ed a v s\u00falade s ustanoven\u00edm \u010cl. 5 ods. 8 bod a) \u0160tat\u00fatu rady \u0161koly (uplynut\u00edm &hellip;Zobrazi\u0165\" \/>\n<meta property=\"og:url\" content=\"https:\/\/moyzeska.sk\/index.php\/2025\/09\/19\/vyhlasenie-volieb-clena-do-rady-skoly-zastupca-rodicov\/\" \/>\n<meta property=\"og:site_name\" content=\"Stredn\u00e1 zdravotn\u00edcka \u0161kola, Moyzesova 17, Ko\u0161ice\" \/>\n<meta property=\"article:publisher\" content=\"https:\/\/www.facebook.com\/Moyzeska\" \/>\n<meta property=\"article:published_time\" content=\"2025-09-19T17:57:27+00:00\" \/>\n<meta property=\"article:modified_time\" content=\"2025-09-22T11:04:15+00:00\" \/>\n<meta name=\"author\" content=\"szske\" \/>\n<meta name=\"twitter:card\" content=\"summary_large_image\" \/>\n<meta name=\"twitter:label1\" content=\"Autor\" \/>\n\t<meta name=\"twitter:data1\" content=\"szske\" \/>\n\t<meta name=\"twitter:label2\" content=\"Predpokladan\u00fd \u010das \u010d\u00edtania\" \/>\n\t<meta name=\"twitter:data2\" content=\"2 min\u00faty\" \/>\n<script type=\"application\/ld+json\" class=\"yoast-schema-graph\">{\"@context\":\"https:\/\/schema.org\",\"@graph\":[{\"@type\":\"Article\",\"@id\":\"https:\/\/moyzeska.sk\/index.php\/2025\/09\/19\/vyhlasenie-volieb-clena-do-rady-skoly-zastupca-rodicov\/#article\",\"isPartOf\":{\"@id\":\"https:\/\/moyzeska.sk\/index.php\/2025\/09\/19\/vyhlasenie-volieb-clena-do-rady-skoly-zastupca-rodicov\/\"},\"author\":{\"name\":\"szske\",\"@id\":\"https:\/\/moyzeska.sk\/#\/schema\/person\/ccacd20eb0ebd5802c810abfe2658b27\"},\"headline\":\"Vyhl\u00e1senie volieb \u010dlena do Rady \u0161koly \u2013 z\u00e1stupca rodi\u010dov\",\"datePublished\":\"2025-09-19T17:57:27+00:00\",\"dateModified\":\"2025-09-22T11:04:15+00:00\",\"mainEntityOfPage\":{\"@id\":\"https:\/\/moyzeska.sk\/index.php\/2025\/09\/19\/vyhlasenie-volieb-clena-do-rady-skoly-zastupca-rodicov\/\"},\"wordCount\":297,\"publisher\":{\"@id\":\"https:\/\/moyzeska.sk\/#organization\"},\"inLanguage\":\"sk-SK\"},{\"@type\":\"WebPage\",\"@id\":\"https:\/\/moyzeska.sk\/index.php\/2025\/09\/19\/vyhlasenie-volieb-clena-do-rady-skoly-zastupca-rodicov\/\",\"url\":\"https:\/\/moyzeska.sk\/index.php\/2025\/09\/19\/vyhlasenie-volieb-clena-do-rady-skoly-zastupca-rodicov\/\",\"name\":\"Vyhl\u00e1senie volieb \u010dlena do Rady \u0161koly \u2013 z\u00e1stupca rodi\u010dov - Stredn\u00e1 zdravotn\u00edcka \u0161kola, Moyzesova 17, Ko\u0161ice\",\"isPartOf\":{\"@id\":\"https:\/\/moyzeska.sk\/#website\"},\"datePublished\":\"2025-09-19T17:57:27+00:00\",\"dateModified\":\"2025-09-22T11:04:15+00:00\",\"breadcrumb\":{\"@id\":\"https:\/\/moyzeska.sk\/index.php\/2025\/09\/19\/vyhlasenie-volieb-clena-do-rady-skoly-zastupca-rodicov\/#breadcrumb\"},\"inLanguage\":\"sk-SK\",\"potentialAction\":[{\"@type\":\"ReadAction\",\"target\":[\"https:\/\/moyzeska.sk\/index.php\/2025\/09\/19\/vyhlasenie-volieb-clena-do-rady-skoly-zastupca-rodicov\/\"]}]},{\"@type\":\"BreadcrumbList\",\"@id\":\"https:\/\/moyzeska.sk\/index.php\/2025\/09\/19\/vyhlasenie-volieb-clena-do-rady-skoly-zastupca-rodicov\/#breadcrumb\",\"itemListElement\":[{\"@type\":\"ListItem\",\"position\":1,\"name\":\"Home\",\"item\":\"https:\/\/moyzeska.sk\/\"},{\"@type\":\"ListItem\",\"position\":2,\"name\":\"Vyhl\u00e1senie volieb \u010dlena do Rady \u0161koly \u2013 z\u00e1stupca rodi\u010dov\"}]},{\"@type\":\"WebSite\",\"@id\":\"https:\/\/moyzeska.sk\/#website\",\"url\":\"https:\/\/moyzeska.sk\/\",\"name\":\"Stredn\u00e1 zdravotn\u00edcka \u0161kola, Moyzesova 17, Ko\u0161ice\",\"description\":\"\",\"publisher\":{\"@id\":\"https:\/\/moyzeska.sk\/#organization\"},\"potentialAction\":[{\"@type\":\"SearchAction\",\"target\":{\"@type\":\"EntryPoint\",\"urlTemplate\":\"https:\/\/moyzeska.sk\/?s={search_term_string}\"},\"query-input\":\"required name=search_term_string\"}],\"inLanguage\":\"sk-SK\"},{\"@type\":\"Organization\",\"@id\":\"https:\/\/moyzeska.sk\/#organization\",\"name\":\"Stredn\u00e1 zdravotn\u00edcka \u0161kola, Moyzesova 17, Ko\u0161ice\",\"url\":\"https:\/\/moyzeska.sk\/\",\"logo\":{\"@type\":\"ImageObject\",\"inLanguage\":\"sk-SK\",\"@id\":\"https:\/\/moyzeska.sk\/#\/schema\/logo\/image\/\",\"url\":\"https:\/\/moyzeska.sk\/wp-content\/uploads\/2020\/09\/SZS-logo.png\",\"contentUrl\":\"https:\/\/moyzeska.sk\/wp-content\/uploads\/2020\/09\/SZS-logo.png\",\"width\":300,\"height\":300,\"caption\":\"Stredn\u00e1 zdravotn\u00edcka \u0161kola, Moyzesova 17, Ko\u0161ice\"},\"image\":{\"@id\":\"https:\/\/moyzeska.sk\/#\/schema\/logo\/image\/\"},\"sameAs\":[\"https:\/\/www.facebook.com\/Moyzeska\",\"https:\/\/www.instagram.com\/moyzeska\/\"]},{\"@type\":\"Person\",\"@id\":\"https:\/\/moyzeska.sk\/#\/schema\/person\/ccacd20eb0ebd5802c810abfe2658b27\",\"name\":\"szske\",\"image\":{\"@type\":\"ImageObject\",\"inLanguage\":\"sk-SK\",\"@id\":\"https:\/\/moyzeska.sk\/#\/schema\/person\/image\/\",\"url\":\"https:\/\/secure.gravatar.com\/avatar\/a61f327c6a81f0db6f0a9b218fd0495c?s=96&d=mm&r=g\",\"contentUrl\":\"https:\/\/secure.gravatar.com\/avatar\/a61f327c6a81f0db6f0a9b218fd0495c?s=96&d=mm&r=g\",\"caption\":\"szske\"},\"sameAs\":[\"http:\/\/moyzeska.sk\"],\"url\":\"https:\/\/moyzeska.sk\/index.php\/author\/szske\/\"}]}<\/script>\n<!-- \/ Yoast SEO plugin. -->","yoast_head_json":{"title":"Vyhl\u00e1senie volieb \u010dlena do Rady \u0161koly \u2013 z\u00e1stupca rodi\u010dov - Stredn\u00e1 zdravotn\u00edcka \u0161kola, Moyzesova 17, Ko\u0161ice","robots":{"index":"index","follow":"follow","max-snippet":"max-snippet:-1","max-image-preview":"max-image-preview:large","max-video-preview":"max-video-preview:-1"},"canonical":"https:\/\/moyzeska.sk\/index.php\/2025\/09\/19\/vyhlasenie-volieb-clena-do-rady-skoly-zastupca-rodicov\/","og_locale":"sk_SK","og_type":"article","og_title":"Vyhl\u00e1senie volieb \u010dlena do Rady \u0161koly \u2013 z\u00e1stupca rodi\u010dov - Stredn\u00e1 zdravotn\u00edcka \u0161kola, Moyzesova 17, Ko\u0161ice","og_description":"Riadite\u013eka SZ\u0160, Moyzesova 17, Ko\u0161ice vyhlasuje v s\u00falade s ustanoven\u00edm \u00a7 1 ods. 5 vyhl\u00e1\u0161ky Ministerstva \u0161kolstva SR \u010d.291\/2004 Z. z., ktorou sa ur\u010duj\u00fa podrobnosti o sp\u00f4sobe ustanovenia org\u00e1nov \u0161kolskej samospr\u00e1vy, o ich zlo\u017een\u00ed, o ich organiza\u010dnom a finan\u010dnom zabezpe\u010den\u00ed a v s\u00falade s ustanoven\u00edm \u010cl. 5 ods. 8 bod a) \u0160tat\u00fatu rady \u0161koly (uplynut\u00edm &hellip;Zobrazi\u0165","og_url":"https:\/\/moyzeska.sk\/index.php\/2025\/09\/19\/vyhlasenie-volieb-clena-do-rady-skoly-zastupca-rodicov\/","og_site_name":"Stredn\u00e1 zdravotn\u00edcka \u0161kola, Moyzesova 17, Ko\u0161ice","article_publisher":"https:\/\/www.facebook.com\/Moyzeska","article_published_time":"2025-09-19T17:57:27+00:00","article_modified_time":"2025-09-22T11:04:15+00:00","author":"szske","twitter_card":"summary_large_image","twitter_misc":{"Autor":"szske","Predpokladan\u00fd \u010das \u010d\u00edtania":"2 min\u00faty"},"schema":{"@context":"https:\/\/schema.org","@graph":[{"@type":"Article","@id":"https:\/\/moyzeska.sk\/index.php\/2025\/09\/19\/vyhlasenie-volieb-clena-do-rady-skoly-zastupca-rodicov\/#article","isPartOf":{"@id":"https:\/\/moyzeska.sk\/index.php\/2025\/09\/19\/vyhlasenie-volieb-clena-do-rady-skoly-zastupca-rodicov\/"},"author":{"name":"szske","@id":"https:\/\/moyzeska.sk\/#\/schema\/person\/ccacd20eb0ebd5802c810abfe2658b27"},"headline":"Vyhl\u00e1senie volieb \u010dlena do Rady \u0161koly \u2013 z\u00e1stupca rodi\u010dov","datePublished":"2025-09-19T17:57:27+00:00","dateModified":"2025-09-22T11:04:15+00:00","mainEntityOfPage":{"@id":"https:\/\/moyzeska.sk\/index.php\/2025\/09\/19\/vyhlasenie-volieb-clena-do-rady-skoly-zastupca-rodicov\/"},"wordCount":297,"publisher":{"@id":"https:\/\/moyzeska.sk\/#organization"},"inLanguage":"sk-SK"},{"@type":"WebPage","@id":"https:\/\/moyzeska.sk\/index.php\/2025\/09\/19\/vyhlasenie-volieb-clena-do-rady-skoly-zastupca-rodicov\/","url":"https:\/\/moyzeska.sk\/index.php\/2025\/09\/19\/vyhlasenie-volieb-clena-do-rady-skoly-zastupca-rodicov\/","name":"Vyhl\u00e1senie volieb \u010dlena do Rady \u0161koly \u2013 z\u00e1stupca rodi\u010dov - Stredn\u00e1 zdravotn\u00edcka \u0161kola, Moyzesova 17, Ko\u0161ice","isPartOf":{"@id":"https:\/\/moyzeska.sk\/#website"},"datePublished":"2025-09-19T17:57:27+00:00","dateModified":"2025-09-22T11:04:15+00:00","breadcrumb":{"@id":"https:\/\/moyzeska.sk\/index.php\/2025\/09\/19\/vyhlasenie-volieb-clena-do-rady-skoly-zastupca-rodicov\/#breadcrumb"},"inLanguage":"sk-SK","potentialAction":[{"@type":"ReadAction","target":["https:\/\/moyzeska.sk\/index.php\/2025\/09\/19\/vyhlasenie-volieb-clena-do-rady-skoly-zastupca-rodicov\/"]}]},{"@type":"BreadcrumbList","@id":"https:\/\/moyzeska.sk\/index.php\/2025\/09\/19\/vyhlasenie-volieb-clena-do-rady-skoly-zastupca-rodicov\/#breadcrumb","itemListElement":[{"@type":"ListItem","position":1,"name":"Home","item":"https:\/\/moyzeska.sk\/"},{"@type":"ListItem","position":2,"name":"Vyhl\u00e1senie volieb \u010dlena do Rady \u0161koly \u2013 z\u00e1stupca rodi\u010dov"}]},{"@type":"WebSite","@id":"https:\/\/moyzeska.sk\/#website","url":"https:\/\/moyzeska.sk\/","name":"Stredn\u00e1 zdravotn\u00edcka \u0161kola, Moyzesova 17, Ko\u0161ice","description":"","publisher":{"@id":"https:\/\/moyzeska.sk\/#organization"},"potentialAction":[{"@type":"SearchAction","target":{"@type":"EntryPoint","urlTemplate":"https:\/\/moyzeska.sk\/?s={search_term_string}"},"query-input":"required name=search_term_string"}],"inLanguage":"sk-SK"},{"@type":"Organization","@id":"https:\/\/moyzeska.sk\/#organization","name":"Stredn\u00e1 zdravotn\u00edcka \u0161kola, Moyzesova 17, Ko\u0161ice","url":"https:\/\/moyzeska.sk\/","logo":{"@type":"ImageObject","inLanguage":"sk-SK","@id":"https:\/\/moyzeska.sk\/#\/schema\/logo\/image\/","url":"https:\/\/moyzeska.sk\/wp-content\/uploads\/2020\/09\/SZS-logo.png","contentUrl":"https:\/\/moyzeska.sk\/wp-content\/uploads\/2020\/09\/SZS-logo.png","width":300,"height":300,"caption":"Stredn\u00e1 zdravotn\u00edcka \u0161kola, Moyzesova 17, Ko\u0161ice"},"image":{"@id":"https:\/\/moyzeska.sk\/#\/schema\/logo\/image\/"},"sameAs":["https:\/\/www.facebook.com\/Moyzeska","https:\/\/www.instagram.com\/moyzeska\/"]},{"@type":"Person","@id":"https:\/\/moyzeska.sk\/#\/schema\/person\/ccacd20eb0ebd5802c810abfe2658b27","name":"szske","image":{"@type":"ImageObject","inLanguage":"sk-SK","@id":"https:\/\/moyzeska.sk\/#\/schema\/person\/image\/","url":"https:\/\/secure.gravatar.com\/avatar\/a61f327c6a81f0db6f0a9b218fd0495c?s=96&d=mm&r=g","contentUrl":"https:\/\/secure.gravatar.com\/avatar\/a61f327c6a81f0db6f0a9b218fd0495c?s=96&d=mm&r=g","caption":"szske"},"sameAs":["http:\/\/moyzeska.sk"],"url":"https:\/\/moyzeska.sk\/index.php\/author\/szske\/"}]}},"_links":{"self":[{"href":"https:\/\/moyzeska.sk\/index.php\/wp-json\/wp\/v2\/posts\/7796"}],"collection":[{"href":"https:\/\/moyzeska.sk\/index.php\/wp-json\/wp\/v2\/posts"}],"about":[{"href":"https:\/\/moyzeska.sk\/index.php\/wp-json\/wp\/v2\/types\/post"}],"author":[{"embeddable":true,"href":"https:\/\/moyzeska.sk\/index.php\/wp-json\/wp\/v2\/users\/1"}],"replies":[{"embeddable":true,"href":"https:\/\/moyzeska.sk\/index.php\/wp-json\/wp\/v2\/comments?post=7796"}],"version-history":[{"count":5,"href":"https:\/\/moyzeska.sk\/index.php\/wp-json\/wp\/v2\/posts\/7796\/revisions"}],"predecessor-version":[{"id":7810,"href":"https:\/\/moyzeska.sk\/index.php\/wp-json\/wp\/v2\/posts\/7796\/revisions\/7810"}],"wp:attachment":[{"href":"https:\/\/moyzeska.sk\/index.php\/wp-json\/wp\/v2\/media?parent=7796"}],"wp:term":[{"taxonomy":"category","embeddable":true,"href":"https:\/\/moyzeska.sk\/index.php\/wp-json\/wp\/v2\/categories?post=7796"},{"taxonomy":"post_tag","embeddable":true,"href":"https:\/\/moyzeska.sk\/index.php\/wp-json\/wp\/v2\/tags?post=7796"}],"curies":[{"name":"wp","href":"https:\/\/api.w.org\/{rel}","templated":true}]}}