{"id":731,"date":"2014-12-10T08:30:55","date_gmt":"2014-12-10T07:30:55","guid":{"rendered":"https:\/\/moyzeska.sk\/?p=731"},"modified":"2020-10-09T08:57:01","modified_gmt":"2020-10-09T06:57:01","slug":"uspechy-a-ocenenia-nasich-studentov","status":"publish","type":"post","link":"https:\/\/moyzeska.sk\/index.php\/2014\/12\/10\/uspechy-a-ocenenia-nasich-studentov\/","title":{"rendered":"Erik Schmotzer"},"content":{"rendered":"\n<p><\/p>\n\n\n\n<p>Za reprezent\u00e1ciu \u0161t\u00e1tumu na osobnom stretnut\u00ed<strong>&nbsp;udelil \u010fakovn\u00fd list minister \u0161kolstva, vedy, v\u00fdskumu a \u0161portu Slovenskej republiky p. Juraj Draxler.<\/strong><br>Tie\u017e mal t\u00fa \u010des\u0165 a d\u0148a 4.6.2015 bol pozvan\u00fd na<strong>&nbsp;osobn\u00fa audienciu prezidentom Slovenskej republiky Andrejom Kiskom<\/strong>, kde prezident vyjadril osobn\u00fa podporu mlad\u00fdm vedeck\u00fdm talentom.<\/p>\n\n\n\n<figure class=\"wp-block-image size-large\"><img decoding=\"async\" loading=\"lazy\" width=\"496\" height=\"827\" src=\"https:\/\/moyzeska.sk\/wp-content\/uploads\/2020\/10\/schmotzer_prezident.jpg\" alt=\"\" class=\"wp-image-723\" srcset=\"https:\/\/moyzeska.sk\/wp-content\/uploads\/2020\/10\/schmotzer_prezident.jpg 496w, https:\/\/moyzeska.sk\/wp-content\/uploads\/2020\/10\/schmotzer_prezident-180x300.jpg 180w\" sizes=\"(max-width: 496px) 100vw, 496px\" \/><\/figure>\n\n\n\n<figure class=\"wp-block-image size-large\"><img decoding=\"async\" loading=\"lazy\" width=\"500\" height=\"357\" src=\"https:\/\/moyzeska.sk\/wp-content\/uploads\/2020\/10\/schmotzer_minister_m.jpg\" alt=\"\" class=\"wp-image-724\" srcset=\"https:\/\/moyzeska.sk\/wp-content\/uploads\/2020\/10\/schmotzer_minister_m.jpg 500w, https:\/\/moyzeska.sk\/wp-content\/uploads\/2020\/10\/schmotzer_minister_m-300x214.jpg 300w\" sizes=\"(max-width: 500px) 100vw, 500px\" \/><\/figure>\n\n\n\n<p>V d\u0148och 13.11.2014 &#8211; 15.11.2014 sa konalo jedno z hlavn\u00fdch podujat\u00ed T\u00fd\u017ed\u0148a vedy a techniky na Slovensku v roku 2014 a to celoslovensk\u00e1 prehliadka vedecko-technick\u00fdch pr\u00e1c s n\u00e1zvom Festival vedy a techniky 2014. T\u00fato zauj\u00edmav\u00fa s\u00fa\u0165a\u017en\u00fa prehliadku organizuje Asoci\u00e1cia pre ml\u00e1de\u017e, vedu a techniku v spolupr\u00e1ci s Ministerstvom \u0161kolstva, vedy, v\u00fdskumu a \u0161portu SR, Centrom vedecko-technick\u00fdch inform\u00e1ci\u00ed a N\u00e1rodn\u00fdm centrom pre populariz\u00e1ciu vedy a techniky v spolo\u010dnosti. Z\u00e1\u0161titu nad Festivalom vedy a techniky v roku 2014 prevzal Prof. Dr. Juraj Hromkovi\u010d, DrSc. Je profesorom na ETH Zurich, \u010dlenom Eur\u00f3pskej Akad\u00e9mie, Slovenskej Akademickej Spolo\u010dnosti a U\u010denej Spolo\u010dnosti Slovenskej Akad\u00e9mie Vied. Festivalu sa z\u00fa\u010dastnili aj deleg\u00e1cie zo \u0160panielska, \u010ceska a Franc\u00fazska.<br>S\u00fa\u0165a\u017eiaci bojovali o postupy na medzin\u00e1rodn\u00e9 a n\u00e1rodn\u00e9 eur\u00f3pske s\u00fa\u0165a\u017ee, rovnako ako aj o ocenenia Pr\u00edrodovedeckej fakulty UK.<br><strong>Erik Schmotzer, \u017eiak III. FLB triedy, uspel na tejto s\u00fa\u0165a\u017ei v\u00fdborne. Z\u00edskal:<\/strong><\/p>\n\n\n\n<ul><li><strong>postup na Intel ISEF 2015 v Pittsburghu, Pensylv\u00e1nia, USA;<\/strong><\/li><li><strong>cenu dekana Pr\u00edrodovedeckej fakulty UK v kateg\u00f3rii \u201estar\u0161\u00ed \u017eiaci\u201c.<\/strong><\/li><\/ul>\n\n\n\n<figure class=\"wp-block-image size-large\"><img decoding=\"async\" loading=\"lazy\" width=\"450\" height=\"397\" src=\"https:\/\/moyzeska.sk\/wp-content\/uploads\/2020\/10\/schmotzer5m.jpg\" alt=\"\" class=\"wp-image-732\" srcset=\"https:\/\/moyzeska.sk\/wp-content\/uploads\/2020\/10\/schmotzer5m.jpg 450w, https:\/\/moyzeska.sk\/wp-content\/uploads\/2020\/10\/schmotzer5m-300x265.jpg 300w\" sizes=\"(max-width: 450px) 100vw, 450px\" \/><\/figure>\n\n\n\n<figure class=\"wp-block-image size-large\"><img decoding=\"async\" loading=\"lazy\" width=\"500\" height=\"353\" src=\"https:\/\/moyzeska.sk\/wp-content\/uploads\/2020\/10\/schomtzer_cena_dekana_m.jpg\" alt=\"\" class=\"wp-image-733\" srcset=\"https:\/\/moyzeska.sk\/wp-content\/uploads\/2020\/10\/schomtzer_cena_dekana_m.jpg 500w, https:\/\/moyzeska.sk\/wp-content\/uploads\/2020\/10\/schomtzer_cena_dekana_m-300x212.jpg 300w\" sizes=\"(max-width: 500px) 100vw, 500px\" \/><\/figure>\n\n\n\n<p><strong>2. miesto &#8211; Celo\u0161t\u00e1tne kolo 51. ro\u010dn\u00edka Chemickej olympi\u00e1dy 2015, kateg\u00f3ria EF&nbsp;<\/strong>( 1.\u2013 4. marec 2015, Nitra)<\/p>\n","protected":false},"excerpt":{"rendered":"<p>Za reprezent\u00e1ciu \u0161t\u00e1tumu na osobnom stretnut\u00ed&nbsp;udelil \u010fakovn\u00fd list minister \u0161kolstva, vedy, v\u00fdskumu a \u0161portu Slovenskej republiky p. Juraj Draxler.Tie\u017e mal t\u00fa \u010des\u0165 a d\u0148a 4.6.2015 bol pozvan\u00fd na&nbsp;osobn\u00fa audienciu prezidentom Slovenskej republiky Andrejom Kiskom, kde prezident vyjadril osobn\u00fa podporu mlad\u00fdm vedeck\u00fdm talentom. V d\u0148och 13.11.2014 &#8211; 15.11.2014 sa konalo jedno z hlavn\u00fdch podujat\u00ed T\u00fd\u017ed\u0148a vedy &hellip;<br \/><a href=\"https:\/\/moyzeska.sk\/index.php\/2014\/12\/10\/uspechy-a-ocenenia-nasich-studentov\/\" class=\"more-link pen_button pen_element_default pen_icon_arrow_double\">Zobrazi\u0165<\/a><\/p>\n","protected":false},"author":1,"featured_media":732,"comment_status":"closed","ping_status":"open","sticky":false,"template":"","format":"standard","meta":{"_monsterinsights_skip_tracking":false,"_monsterinsights_sitenote_active":false,"_monsterinsights_sitenote_note":"","_monsterinsights_sitenote_category":0},"categories":[10],"tags":[],"yoast_head":"<!-- This site is optimized with the Yoast SEO plugin v21.8.1 - https:\/\/yoast.com\/wordpress\/plugins\/seo\/ -->\n<title>Erik Schmotzer - Stredn\u00e1 zdravotn\u00edcka \u0161kola, Moyzesova 17, Ko\u0161ice<\/title>\n<meta name=\"robots\" content=\"index, follow, max-snippet:-1, max-image-preview:large, max-video-preview:-1\" \/>\n<link rel=\"canonical\" href=\"https:\/\/moyzeska.sk\/index.php\/2014\/12\/10\/uspechy-a-ocenenia-nasich-studentov\/\" \/>\n<meta property=\"og:locale\" content=\"sk_SK\" \/>\n<meta property=\"og:type\" content=\"article\" \/>\n<meta property=\"og:title\" content=\"Erik Schmotzer - Stredn\u00e1 zdravotn\u00edcka \u0161kola, Moyzesova 17, Ko\u0161ice\" \/>\n<meta property=\"og:description\" content=\"Za reprezent\u00e1ciu \u0161t\u00e1tumu na osobnom stretnut\u00ed&nbsp;udelil \u010fakovn\u00fd list minister \u0161kolstva, vedy, v\u00fdskumu a \u0161portu Slovenskej republiky p. Juraj Draxler.Tie\u017e mal t\u00fa \u010des\u0165 a d\u0148a 4.6.2015 bol pozvan\u00fd na&nbsp;osobn\u00fa audienciu prezidentom Slovenskej republiky Andrejom Kiskom, kde prezident vyjadril osobn\u00fa podporu mlad\u00fdm vedeck\u00fdm talentom. V d\u0148och 13.11.2014 &#8211; 15.11.2014 sa konalo jedno z hlavn\u00fdch podujat\u00ed T\u00fd\u017ed\u0148a vedy &hellip;Zobrazi\u0165\" \/>\n<meta property=\"og:url\" content=\"https:\/\/moyzeska.sk\/index.php\/2014\/12\/10\/uspechy-a-ocenenia-nasich-studentov\/\" \/>\n<meta property=\"og:site_name\" content=\"Stredn\u00e1 zdravotn\u00edcka \u0161kola, Moyzesova 17, Ko\u0161ice\" \/>\n<meta property=\"article:publisher\" content=\"https:\/\/www.facebook.com\/Moyzeska\" \/>\n<meta property=\"article:published_time\" content=\"2014-12-10T07:30:55+00:00\" \/>\n<meta property=\"article:modified_time\" content=\"2020-10-09T06:57:01+00:00\" \/>\n<meta property=\"og:image\" content=\"https:\/\/moyzeska.sk\/wp-content\/uploads\/2020\/10\/schmotzer5m.jpg\" \/>\n\t<meta property=\"og:image:width\" content=\"450\" \/>\n\t<meta property=\"og:image:height\" content=\"397\" \/>\n\t<meta property=\"og:image:type\" content=\"image\/jpeg\" \/>\n<meta name=\"author\" content=\"szske\" \/>\n<meta name=\"twitter:card\" content=\"summary_large_image\" \/>\n<meta name=\"twitter:label1\" content=\"Autor\" \/>\n\t<meta name=\"twitter:data1\" content=\"szske\" \/>\n\t<meta name=\"twitter:label2\" content=\"Predpokladan\u00fd \u010das \u010d\u00edtania\" \/>\n\t<meta name=\"twitter:data2\" content=\"1 min\u00fata\" \/>\n<script type=\"application\/ld+json\" class=\"yoast-schema-graph\">{\"@context\":\"https:\/\/schema.org\",\"@graph\":[{\"@type\":\"Article\",\"@id\":\"https:\/\/moyzeska.sk\/index.php\/2014\/12\/10\/uspechy-a-ocenenia-nasich-studentov\/#article\",\"isPartOf\":{\"@id\":\"https:\/\/moyzeska.sk\/index.php\/2014\/12\/10\/uspechy-a-ocenenia-nasich-studentov\/\"},\"author\":{\"name\":\"szske\",\"@id\":\"https:\/\/moyzeska.sk\/#\/schema\/person\/ccacd20eb0ebd5802c810abfe2658b27\"},\"headline\":\"Erik Schmotzer\",\"datePublished\":\"2014-12-10T07:30:55+00:00\",\"dateModified\":\"2020-10-09T06:57:01+00:00\",\"mainEntityOfPage\":{\"@id\":\"https:\/\/moyzeska.sk\/index.php\/2014\/12\/10\/uspechy-a-ocenenia-nasich-studentov\/\"},\"wordCount\":269,\"publisher\":{\"@id\":\"https:\/\/moyzeska.sk\/#organization\"},\"articleSection\":[\"Uspechy studentov\"],\"inLanguage\":\"sk-SK\"},{\"@type\":\"WebPage\",\"@id\":\"https:\/\/moyzeska.sk\/index.php\/2014\/12\/10\/uspechy-a-ocenenia-nasich-studentov\/\",\"url\":\"https:\/\/moyzeska.sk\/index.php\/2014\/12\/10\/uspechy-a-ocenenia-nasich-studentov\/\",\"name\":\"Erik Schmotzer - Stredn\u00e1 zdravotn\u00edcka \u0161kola, Moyzesova 17, Ko\u0161ice\",\"isPartOf\":{\"@id\":\"https:\/\/moyzeska.sk\/#website\"},\"datePublished\":\"2014-12-10T07:30:55+00:00\",\"dateModified\":\"2020-10-09T06:57:01+00:00\",\"breadcrumb\":{\"@id\":\"https:\/\/moyzeska.sk\/index.php\/2014\/12\/10\/uspechy-a-ocenenia-nasich-studentov\/#breadcrumb\"},\"inLanguage\":\"sk-SK\",\"potentialAction\":[{\"@type\":\"ReadAction\",\"target\":[\"https:\/\/moyzeska.sk\/index.php\/2014\/12\/10\/uspechy-a-ocenenia-nasich-studentov\/\"]}]},{\"@type\":\"BreadcrumbList\",\"@id\":\"https:\/\/moyzeska.sk\/index.php\/2014\/12\/10\/uspechy-a-ocenenia-nasich-studentov\/#breadcrumb\",\"itemListElement\":[{\"@type\":\"ListItem\",\"position\":1,\"name\":\"Home\",\"item\":\"https:\/\/moyzeska.sk\/\"},{\"@type\":\"ListItem\",\"position\":2,\"name\":\"Erik Schmotzer\"}]},{\"@type\":\"WebSite\",\"@id\":\"https:\/\/moyzeska.sk\/#website\",\"url\":\"https:\/\/moyzeska.sk\/\",\"name\":\"Stredn\u00e1 zdravotn\u00edcka \u0161kola, Moyzesova 17, Ko\u0161ice\",\"description\":\"\",\"publisher\":{\"@id\":\"https:\/\/moyzeska.sk\/#organization\"},\"potentialAction\":[{\"@type\":\"SearchAction\",\"target\":{\"@type\":\"EntryPoint\",\"urlTemplate\":\"https:\/\/moyzeska.sk\/?s={search_term_string}\"},\"query-input\":\"required name=search_term_string\"}],\"inLanguage\":\"sk-SK\"},{\"@type\":\"Organization\",\"@id\":\"https:\/\/moyzeska.sk\/#organization\",\"name\":\"Stredn\u00e1 zdravotn\u00edcka \u0161kola, Moyzesova 17, Ko\u0161ice\",\"url\":\"https:\/\/moyzeska.sk\/\",\"logo\":{\"@type\":\"ImageObject\",\"inLanguage\":\"sk-SK\",\"@id\":\"https:\/\/moyzeska.sk\/#\/schema\/logo\/image\/\",\"url\":\"https:\/\/moyzeska.sk\/wp-content\/uploads\/2020\/09\/SZS-logo.png\",\"contentUrl\":\"https:\/\/moyzeska.sk\/wp-content\/uploads\/2020\/09\/SZS-logo.png\",\"width\":300,\"height\":300,\"caption\":\"Stredn\u00e1 zdravotn\u00edcka \u0161kola, Moyzesova 17, Ko\u0161ice\"},\"image\":{\"@id\":\"https:\/\/moyzeska.sk\/#\/schema\/logo\/image\/\"},\"sameAs\":[\"https:\/\/www.facebook.com\/Moyzeska\",\"https:\/\/www.instagram.com\/moyzeska\/\"]},{\"@type\":\"Person\",\"@id\":\"https:\/\/moyzeska.sk\/#\/schema\/person\/ccacd20eb0ebd5802c810abfe2658b27\",\"name\":\"szske\",\"image\":{\"@type\":\"ImageObject\",\"inLanguage\":\"sk-SK\",\"@id\":\"https:\/\/moyzeska.sk\/#\/schema\/person\/image\/\",\"url\":\"https:\/\/secure.gravatar.com\/avatar\/a61f327c6a81f0db6f0a9b218fd0495c?s=96&d=mm&r=g\",\"contentUrl\":\"https:\/\/secure.gravatar.com\/avatar\/a61f327c6a81f0db6f0a9b218fd0495c?s=96&d=mm&r=g\",\"caption\":\"szske\"},\"sameAs\":[\"http:\/\/moyzeska.sk\"],\"url\":\"https:\/\/moyzeska.sk\/index.php\/author\/szske\/\"}]}<\/script>\n<!-- \/ Yoast SEO plugin. -->","yoast_head_json":{"title":"Erik Schmotzer - Stredn\u00e1 zdravotn\u00edcka \u0161kola, Moyzesova 17, Ko\u0161ice","robots":{"index":"index","follow":"follow","max-snippet":"max-snippet:-1","max-image-preview":"max-image-preview:large","max-video-preview":"max-video-preview:-1"},"canonical":"https:\/\/moyzeska.sk\/index.php\/2014\/12\/10\/uspechy-a-ocenenia-nasich-studentov\/","og_locale":"sk_SK","og_type":"article","og_title":"Erik Schmotzer - Stredn\u00e1 zdravotn\u00edcka \u0161kola, Moyzesova 17, Ko\u0161ice","og_description":"Za reprezent\u00e1ciu \u0161t\u00e1tumu na osobnom stretnut\u00ed&nbsp;udelil \u010fakovn\u00fd list minister \u0161kolstva, vedy, v\u00fdskumu a \u0161portu Slovenskej republiky p. Juraj Draxler.Tie\u017e mal t\u00fa \u010des\u0165 a d\u0148a 4.6.2015 bol pozvan\u00fd na&nbsp;osobn\u00fa audienciu prezidentom Slovenskej republiky Andrejom Kiskom, kde prezident vyjadril osobn\u00fa podporu mlad\u00fdm vedeck\u00fdm talentom. V d\u0148och 13.11.2014 &#8211; 15.11.2014 sa konalo jedno z hlavn\u00fdch podujat\u00ed T\u00fd\u017ed\u0148a vedy &hellip;Zobrazi\u0165","og_url":"https:\/\/moyzeska.sk\/index.php\/2014\/12\/10\/uspechy-a-ocenenia-nasich-studentov\/","og_site_name":"Stredn\u00e1 zdravotn\u00edcka \u0161kola, Moyzesova 17, Ko\u0161ice","article_publisher":"https:\/\/www.facebook.com\/Moyzeska","article_published_time":"2014-12-10T07:30:55+00:00","article_modified_time":"2020-10-09T06:57:01+00:00","og_image":[{"width":450,"height":397,"url":"https:\/\/moyzeska.sk\/wp-content\/uploads\/2020\/10\/schmotzer5m.jpg","type":"image\/jpeg"}],"author":"szske","twitter_card":"summary_large_image","twitter_misc":{"Autor":"szske","Predpokladan\u00fd \u010das \u010d\u00edtania":"1 min\u00fata"},"schema":{"@context":"https:\/\/schema.org","@graph":[{"@type":"Article","@id":"https:\/\/moyzeska.sk\/index.php\/2014\/12\/10\/uspechy-a-ocenenia-nasich-studentov\/#article","isPartOf":{"@id":"https:\/\/moyzeska.sk\/index.php\/2014\/12\/10\/uspechy-a-ocenenia-nasich-studentov\/"},"author":{"name":"szske","@id":"https:\/\/moyzeska.sk\/#\/schema\/person\/ccacd20eb0ebd5802c810abfe2658b27"},"headline":"Erik Schmotzer","datePublished":"2014-12-10T07:30:55+00:00","dateModified":"2020-10-09T06:57:01+00:00","mainEntityOfPage":{"@id":"https:\/\/moyzeska.sk\/index.php\/2014\/12\/10\/uspechy-a-ocenenia-nasich-studentov\/"},"wordCount":269,"publisher":{"@id":"https:\/\/moyzeska.sk\/#organization"},"articleSection":["Uspechy studentov"],"inLanguage":"sk-SK"},{"@type":"WebPage","@id":"https:\/\/moyzeska.sk\/index.php\/2014\/12\/10\/uspechy-a-ocenenia-nasich-studentov\/","url":"https:\/\/moyzeska.sk\/index.php\/2014\/12\/10\/uspechy-a-ocenenia-nasich-studentov\/","name":"Erik Schmotzer - Stredn\u00e1 zdravotn\u00edcka \u0161kola, Moyzesova 17, Ko\u0161ice","isPartOf":{"@id":"https:\/\/moyzeska.sk\/#website"},"datePublished":"2014-12-10T07:30:55+00:00","dateModified":"2020-10-09T06:57:01+00:00","breadcrumb":{"@id":"https:\/\/moyzeska.sk\/index.php\/2014\/12\/10\/uspechy-a-ocenenia-nasich-studentov\/#breadcrumb"},"inLanguage":"sk-SK","potentialAction":[{"@type":"ReadAction","target":["https:\/\/moyzeska.sk\/index.php\/2014\/12\/10\/uspechy-a-ocenenia-nasich-studentov\/"]}]},{"@type":"BreadcrumbList","@id":"https:\/\/moyzeska.sk\/index.php\/2014\/12\/10\/uspechy-a-ocenenia-nasich-studentov\/#breadcrumb","itemListElement":[{"@type":"ListItem","position":1,"name":"Home","item":"https:\/\/moyzeska.sk\/"},{"@type":"ListItem","position":2,"name":"Erik Schmotzer"}]},{"@type":"WebSite","@id":"https:\/\/moyzeska.sk\/#website","url":"https:\/\/moyzeska.sk\/","name":"Stredn\u00e1 zdravotn\u00edcka \u0161kola, Moyzesova 17, Ko\u0161ice","description":"","publisher":{"@id":"https:\/\/moyzeska.sk\/#organization"},"potentialAction":[{"@type":"SearchAction","target":{"@type":"EntryPoint","urlTemplate":"https:\/\/moyzeska.sk\/?s={search_term_string}"},"query-input":"required name=search_term_string"}],"inLanguage":"sk-SK"},{"@type":"Organization","@id":"https:\/\/moyzeska.sk\/#organization","name":"Stredn\u00e1 zdravotn\u00edcka \u0161kola, Moyzesova 17, Ko\u0161ice","url":"https:\/\/moyzeska.sk\/","logo":{"@type":"ImageObject","inLanguage":"sk-SK","@id":"https:\/\/moyzeska.sk\/#\/schema\/logo\/image\/","url":"https:\/\/moyzeska.sk\/wp-content\/uploads\/2020\/09\/SZS-logo.png","contentUrl":"https:\/\/moyzeska.sk\/wp-content\/uploads\/2020\/09\/SZS-logo.png","width":300,"height":300,"caption":"Stredn\u00e1 zdravotn\u00edcka \u0161kola, Moyzesova 17, Ko\u0161ice"},"image":{"@id":"https:\/\/moyzeska.sk\/#\/schema\/logo\/image\/"},"sameAs":["https:\/\/www.facebook.com\/Moyzeska","https:\/\/www.instagram.com\/moyzeska\/"]},{"@type":"Person","@id":"https:\/\/moyzeska.sk\/#\/schema\/person\/ccacd20eb0ebd5802c810abfe2658b27","name":"szske","image":{"@type":"ImageObject","inLanguage":"sk-SK","@id":"https:\/\/moyzeska.sk\/#\/schema\/person\/image\/","url":"https:\/\/secure.gravatar.com\/avatar\/a61f327c6a81f0db6f0a9b218fd0495c?s=96&d=mm&r=g","contentUrl":"https:\/\/secure.gravatar.com\/avatar\/a61f327c6a81f0db6f0a9b218fd0495c?s=96&d=mm&r=g","caption":"szske"},"sameAs":["http:\/\/moyzeska.sk"],"url":"https:\/\/moyzeska.sk\/index.php\/author\/szske\/"}]}},"_links":{"self":[{"href":"https:\/\/moyzeska.sk\/index.php\/wp-json\/wp\/v2\/posts\/731"}],"collection":[{"href":"https:\/\/moyzeska.sk\/index.php\/wp-json\/wp\/v2\/posts"}],"about":[{"href":"https:\/\/moyzeska.sk\/index.php\/wp-json\/wp\/v2\/types\/post"}],"author":[{"embeddable":true,"href":"https:\/\/moyzeska.sk\/index.php\/wp-json\/wp\/v2\/users\/1"}],"replies":[{"embeddable":true,"href":"https:\/\/moyzeska.sk\/index.php\/wp-json\/wp\/v2\/comments?post=731"}],"version-history":[{"count":3,"href":"https:\/\/moyzeska.sk\/index.php\/wp-json\/wp\/v2\/posts\/731\/revisions"}],"predecessor-version":[{"id":740,"href":"https:\/\/moyzeska.sk\/index.php\/wp-json\/wp\/v2\/posts\/731\/revisions\/740"}],"wp:featuredmedia":[{"embeddable":true,"href":"https:\/\/moyzeska.sk\/index.php\/wp-json\/wp\/v2\/media\/732"}],"wp:attachment":[{"href":"https:\/\/moyzeska.sk\/index.php\/wp-json\/wp\/v2\/media?parent=731"}],"wp:term":[{"taxonomy":"category","embeddable":true,"href":"https:\/\/moyzeska.sk\/index.php\/wp-json\/wp\/v2\/categories?post=731"},{"taxonomy":"post_tag","embeddable":true,"href":"https:\/\/moyzeska.sk\/index.php\/wp-json\/wp\/v2\/tags?post=731"}],"curies":[{"name":"wp","href":"https:\/\/api.w.org\/{rel}","templated":true}]}}