{"id":6596,"date":"2024-11-06T10:25:22","date_gmt":"2024-11-06T09:25:22","guid":{"rendered":"https:\/\/moyzeska.sk\/?p=6596"},"modified":"2024-11-06T10:25:24","modified_gmt":"2024-11-06T09:25:24","slug":"jesenna-charitativna-zbierka","status":"publish","type":"post","link":"https:\/\/moyzeska.sk\/index.php\/2024\/11\/06\/jesenna-charitativna-zbierka\/","title":{"rendered":"Jesenn\u00e1 charitat\u00edvna zbierka"},"content":{"rendered":"\n<p>Chceme sa s&nbsp;vami podeli\u0165 o kr\u00e1snu mo\u017enos\u0165, ako m\u00f4\u017eeme spolo\u010dne pom\u00f4c\u0165 t\u00fdm, ktor\u00ed to najviac potrebuj\u00fa. Ako vieme, zima je pre mnoh\u00fdch \u013eud\u00ed n\u00e1ro\u010dn\u00fdm obdob\u00edm, hlavne pre t\u00fdch, ktor\u00ed nemaj\u00fa dostatok tepl\u00e9ho oble\u010denia. Aj my v \u0161kole m\u00f4\u017eeme prilo\u017ei\u0165 ruku k dielu a pom\u00f4c\u0165 im, aby pre\u010dkali zimu v teple.<\/p>\n\n\n\n<p>Preto organizujeme <strong>zbierku tepl\u00fdch vec\u00ed pre charitu<\/strong>. Budeme radi, ak sa prid\u00e1te a darujete, \u010do m\u00f4\u017eete. Ka\u017ed\u00fd kus oble\u010denia m\u00f4\u017ee niekomu pom\u00f4c\u0165!<\/p>\n\n\n\n<p><strong>\u010co m\u00f4\u017eete prinies\u0165?<\/strong> Zbierame r\u00f4zne tepl\u00e9 veci, ktor\u00e9 m\u00f4\u017eu pom\u00f4c\u0165 ochr\u00e1ni\u0165 pred zimou. S\u00fa to napr\u00edklad:<\/p>\n\n\n\n<ul>\n<li>Bundy, kab\u00e1ty a vetrovky<\/li>\n\n\n\n<li>Svetre a mikiny<\/li>\n\n\n\n<li>\u010ciapky, \u0161\u00e1ly a rukavice<\/li>\n\n\n\n<li>Tepl\u00e9 pono\u017eky<\/li>\n\n\n\n<li>Deky a&nbsp;spac\u00e1ky<\/li>\n\n\n\n<li>Papl\u00f3ny a vank\u00fa\u0161e<\/li>\n<\/ul>\n\n\n\n<p>Pros\u00edme, aby boli veci \u010dist\u00e9 a v dobrom stave, aby ich mohli \u013eudia hne\u010f pou\u017ei\u0165.<\/p>\n\n\n\n<p><strong>Kam a kedy m\u00f4\u017eete veci donies\u0165?<\/strong> Zbierka bude prebieha\u0165 do konca novembra. Veci m\u00f4\u017eete odovzda\u0165 v&nbsp;zborovni pani u\u010dite\u013eke Kav\u010d\u00e1kovej alebo ich necha\u0165 pri vr\u00e1tnici v&nbsp;pripravenom ko\u0161i s&nbsp;ozna\u010den\u00edm zbierka. \u0160kolsk\u00e9 pom\u00f4cky a&nbsp;drog\u00e9riu m\u00f4\u017eete vklada\u0165 do ko\u0161a umiestnen\u00e9ho na medziposchod\u00ed \u0161koly.<\/p>\n\n\n\n<p><strong>Komu veci pom\u00f4\u017eu?<\/strong> V\u0161etky vyzbieran\u00e9 veci poputuj\u00fa \u013eu\u010fom bez domova a rodin\u00e1m v n\u00fadzi prostredn\u00edctvom na\u0161ich miestnych charitat\u00edvnych organiz\u00e1ci\u00ed. Aj mal\u00e1 pomoc od n\u00e1s m\u00f4\u017ee pre niekoho znamena\u0165 ve\u013ek\u00fa \u00fa\u013eavu v \u0165a\u017ek\u00fdch zimn\u00fdch mesiacoch.<\/p>\n\n\n\n<p><strong>Pre\u010do je d\u00f4le\u017eit\u00e9 pom\u00e1ha\u0165?<\/strong> Ke\u010f pom\u00e1hame, ukazujeme, \u017ee n\u00e1m z\u00e1le\u017e\u00ed na \u013eu\u010foch okolo n\u00e1s. Ka\u017ed\u00fd z n\u00e1s m\u00f4\u017ee nie\u010d\u00edm prispie\u0165, \u010di u\u017e ve\u013ekou alebo malou vecou. Spolo\u010dne m\u00f4\u017eeme urobi\u0165 ve\u013ek\u00fa zmenu a pom\u00f4c\u0165 t\u00fdm, ktor\u00ed to naozaj potrebuj\u00fa.<\/p>\n\n\n\n<p><strong>V\u00fdzva na z\u00e1ver:<\/strong> Po\u010fme spolo\u010dne do toho a uk\u00e1\u017eme, \u017ee na\u0161a \u0161kola m\u00e1 ve\u013ek\u00e9 srdce! Ak m\u00e1te doma nie\u010do, \u010do u\u017e nenos\u00edte, a je to v dobrom stave, prineste to. Niekedy aj mal\u00fd k\u00fasok oble\u010denia m\u00f4\u017ee by\u0165 pre niekoho ve\u013ek\u00fdm darom.<\/p>\n\n\n\n<p>\u010eakujeme v\u0161etk\u00fdm, ktor\u00ed sa pridaj\u00fa. Spolo\u010dne m\u00f4\u017eeme pom\u00f4c\u0165 urobi\u0165 zimu pre niekoho aspo\u0148 o trochu znesite\u013enej\u0161ou.<\/p>\n","protected":false},"excerpt":{"rendered":"<p>Chceme sa s&nbsp;vami podeli\u0165 o kr\u00e1snu mo\u017enos\u0165, ako m\u00f4\u017eeme spolo\u010dne pom\u00f4c\u0165 t\u00fdm, ktor\u00ed to najviac potrebuj\u00fa. Ako vieme, zima je pre mnoh\u00fdch \u013eud\u00ed n\u00e1ro\u010dn\u00fdm obdob\u00edm, hlavne pre t\u00fdch, ktor\u00ed nemaj\u00fa dostatok tepl\u00e9ho oble\u010denia. Aj my v \u0161kole m\u00f4\u017eeme prilo\u017ei\u0165 ruku k dielu a pom\u00f4c\u0165 im, aby pre\u010dkali zimu v teple. Preto organizujeme zbierku tepl\u00fdch vec\u00ed &hellip;<br \/><a href=\"https:\/\/moyzeska.sk\/index.php\/2024\/11\/06\/jesenna-charitativna-zbierka\/\" class=\"more-link pen_button pen_element_default pen_icon_arrow_double\">Zobrazi\u0165<\/a><\/p>\n","protected":false},"author":1,"featured_media":0,"comment_status":"closed","ping_status":"closed","sticky":false,"template":"","format":"standard","meta":{"_monsterinsights_skip_tracking":false,"_monsterinsights_sitenote_active":false,"_monsterinsights_sitenote_note":"","_monsterinsights_sitenote_category":0},"categories":[1],"tags":[],"yoast_head":"<!-- This site is optimized with the Yoast SEO plugin v21.8.1 - https:\/\/yoast.com\/wordpress\/plugins\/seo\/ -->\n<title>Jesenn\u00e1 charitat\u00edvna zbierka - Stredn\u00e1 zdravotn\u00edcka \u0161kola, Moyzesova 17, Ko\u0161ice<\/title>\n<meta name=\"robots\" content=\"index, follow, max-snippet:-1, max-image-preview:large, max-video-preview:-1\" \/>\n<link rel=\"canonical\" href=\"https:\/\/moyzeska.sk\/index.php\/2024\/11\/06\/jesenna-charitativna-zbierka\/\" \/>\n<meta property=\"og:locale\" content=\"sk_SK\" \/>\n<meta property=\"og:type\" content=\"article\" \/>\n<meta property=\"og:title\" content=\"Jesenn\u00e1 charitat\u00edvna zbierka - Stredn\u00e1 zdravotn\u00edcka \u0161kola, Moyzesova 17, Ko\u0161ice\" \/>\n<meta property=\"og:description\" content=\"Chceme sa s&nbsp;vami podeli\u0165 o kr\u00e1snu mo\u017enos\u0165, ako m\u00f4\u017eeme spolo\u010dne pom\u00f4c\u0165 t\u00fdm, ktor\u00ed to najviac potrebuj\u00fa. Ako vieme, zima je pre mnoh\u00fdch \u013eud\u00ed n\u00e1ro\u010dn\u00fdm obdob\u00edm, hlavne pre t\u00fdch, ktor\u00ed nemaj\u00fa dostatok tepl\u00e9ho oble\u010denia. Aj my v \u0161kole m\u00f4\u017eeme prilo\u017ei\u0165 ruku k dielu a pom\u00f4c\u0165 im, aby pre\u010dkali zimu v teple. Preto organizujeme zbierku tepl\u00fdch vec\u00ed &hellip;Zobrazi\u0165\" \/>\n<meta property=\"og:url\" content=\"https:\/\/moyzeska.sk\/index.php\/2024\/11\/06\/jesenna-charitativna-zbierka\/\" \/>\n<meta property=\"og:site_name\" content=\"Stredn\u00e1 zdravotn\u00edcka \u0161kola, Moyzesova 17, Ko\u0161ice\" \/>\n<meta property=\"article:publisher\" content=\"https:\/\/www.facebook.com\/Moyzeska\" \/>\n<meta property=\"article:published_time\" content=\"2024-11-06T09:25:22+00:00\" \/>\n<meta property=\"article:modified_time\" content=\"2024-11-06T09:25:24+00:00\" \/>\n<meta name=\"author\" content=\"szske\" \/>\n<meta name=\"twitter:card\" content=\"summary_large_image\" \/>\n<meta name=\"twitter:label1\" content=\"Autor\" \/>\n\t<meta name=\"twitter:data1\" content=\"szske\" \/>\n\t<meta name=\"twitter:label2\" content=\"Predpokladan\u00fd \u010das \u010d\u00edtania\" \/>\n\t<meta name=\"twitter:data2\" content=\"2 min\u00faty\" \/>\n<script type=\"application\/ld+json\" class=\"yoast-schema-graph\">{\"@context\":\"https:\/\/schema.org\",\"@graph\":[{\"@type\":\"Article\",\"@id\":\"https:\/\/moyzeska.sk\/index.php\/2024\/11\/06\/jesenna-charitativna-zbierka\/#article\",\"isPartOf\":{\"@id\":\"https:\/\/moyzeska.sk\/index.php\/2024\/11\/06\/jesenna-charitativna-zbierka\/\"},\"author\":{\"name\":\"szske\",\"@id\":\"https:\/\/moyzeska.sk\/#\/schema\/person\/ccacd20eb0ebd5802c810abfe2658b27\"},\"headline\":\"Jesenn\u00e1 charitat\u00edvna zbierka\",\"datePublished\":\"2024-11-06T09:25:22+00:00\",\"dateModified\":\"2024-11-06T09:25:24+00:00\",\"mainEntityOfPage\":{\"@id\":\"https:\/\/moyzeska.sk\/index.php\/2024\/11\/06\/jesenna-charitativna-zbierka\/\"},\"wordCount\":413,\"publisher\":{\"@id\":\"https:\/\/moyzeska.sk\/#organization\"},\"inLanguage\":\"sk-SK\"},{\"@type\":\"WebPage\",\"@id\":\"https:\/\/moyzeska.sk\/index.php\/2024\/11\/06\/jesenna-charitativna-zbierka\/\",\"url\":\"https:\/\/moyzeska.sk\/index.php\/2024\/11\/06\/jesenna-charitativna-zbierka\/\",\"name\":\"Jesenn\u00e1 charitat\u00edvna zbierka - Stredn\u00e1 zdravotn\u00edcka \u0161kola, Moyzesova 17, Ko\u0161ice\",\"isPartOf\":{\"@id\":\"https:\/\/moyzeska.sk\/#website\"},\"datePublished\":\"2024-11-06T09:25:22+00:00\",\"dateModified\":\"2024-11-06T09:25:24+00:00\",\"breadcrumb\":{\"@id\":\"https:\/\/moyzeska.sk\/index.php\/2024\/11\/06\/jesenna-charitativna-zbierka\/#breadcrumb\"},\"inLanguage\":\"sk-SK\",\"potentialAction\":[{\"@type\":\"ReadAction\",\"target\":[\"https:\/\/moyzeska.sk\/index.php\/2024\/11\/06\/jesenna-charitativna-zbierka\/\"]}]},{\"@type\":\"BreadcrumbList\",\"@id\":\"https:\/\/moyzeska.sk\/index.php\/2024\/11\/06\/jesenna-charitativna-zbierka\/#breadcrumb\",\"itemListElement\":[{\"@type\":\"ListItem\",\"position\":1,\"name\":\"Home\",\"item\":\"https:\/\/moyzeska.sk\/\"},{\"@type\":\"ListItem\",\"position\":2,\"name\":\"Jesenn\u00e1 charitat\u00edvna zbierka\"}]},{\"@type\":\"WebSite\",\"@id\":\"https:\/\/moyzeska.sk\/#website\",\"url\":\"https:\/\/moyzeska.sk\/\",\"name\":\"Stredn\u00e1 zdravotn\u00edcka \u0161kola, Moyzesova 17, Ko\u0161ice\",\"description\":\"\",\"publisher\":{\"@id\":\"https:\/\/moyzeska.sk\/#organization\"},\"potentialAction\":[{\"@type\":\"SearchAction\",\"target\":{\"@type\":\"EntryPoint\",\"urlTemplate\":\"https:\/\/moyzeska.sk\/?s={search_term_string}\"},\"query-input\":\"required name=search_term_string\"}],\"inLanguage\":\"sk-SK\"},{\"@type\":\"Organization\",\"@id\":\"https:\/\/moyzeska.sk\/#organization\",\"name\":\"Stredn\u00e1 zdravotn\u00edcka \u0161kola, Moyzesova 17, Ko\u0161ice\",\"url\":\"https:\/\/moyzeska.sk\/\",\"logo\":{\"@type\":\"ImageObject\",\"inLanguage\":\"sk-SK\",\"@id\":\"https:\/\/moyzeska.sk\/#\/schema\/logo\/image\/\",\"url\":\"https:\/\/moyzeska.sk\/wp-content\/uploads\/2020\/09\/SZS-logo.png\",\"contentUrl\":\"https:\/\/moyzeska.sk\/wp-content\/uploads\/2020\/09\/SZS-logo.png\",\"width\":300,\"height\":300,\"caption\":\"Stredn\u00e1 zdravotn\u00edcka \u0161kola, Moyzesova 17, Ko\u0161ice\"},\"image\":{\"@id\":\"https:\/\/moyzeska.sk\/#\/schema\/logo\/image\/\"},\"sameAs\":[\"https:\/\/www.facebook.com\/Moyzeska\",\"https:\/\/www.instagram.com\/moyzeska\/\"]},{\"@type\":\"Person\",\"@id\":\"https:\/\/moyzeska.sk\/#\/schema\/person\/ccacd20eb0ebd5802c810abfe2658b27\",\"name\":\"szske\",\"image\":{\"@type\":\"ImageObject\",\"inLanguage\":\"sk-SK\",\"@id\":\"https:\/\/moyzeska.sk\/#\/schema\/person\/image\/\",\"url\":\"https:\/\/secure.gravatar.com\/avatar\/a61f327c6a81f0db6f0a9b218fd0495c?s=96&d=mm&r=g\",\"contentUrl\":\"https:\/\/secure.gravatar.com\/avatar\/a61f327c6a81f0db6f0a9b218fd0495c?s=96&d=mm&r=g\",\"caption\":\"szske\"},\"sameAs\":[\"http:\/\/moyzeska.sk\"],\"url\":\"https:\/\/moyzeska.sk\/index.php\/author\/szske\/\"}]}<\/script>\n<!-- \/ Yoast SEO plugin. -->","yoast_head_json":{"title":"Jesenn\u00e1 charitat\u00edvna zbierka - Stredn\u00e1 zdravotn\u00edcka \u0161kola, Moyzesova 17, Ko\u0161ice","robots":{"index":"index","follow":"follow","max-snippet":"max-snippet:-1","max-image-preview":"max-image-preview:large","max-video-preview":"max-video-preview:-1"},"canonical":"https:\/\/moyzeska.sk\/index.php\/2024\/11\/06\/jesenna-charitativna-zbierka\/","og_locale":"sk_SK","og_type":"article","og_title":"Jesenn\u00e1 charitat\u00edvna zbierka - Stredn\u00e1 zdravotn\u00edcka \u0161kola, Moyzesova 17, Ko\u0161ice","og_description":"Chceme sa s&nbsp;vami podeli\u0165 o kr\u00e1snu mo\u017enos\u0165, ako m\u00f4\u017eeme spolo\u010dne pom\u00f4c\u0165 t\u00fdm, ktor\u00ed to najviac potrebuj\u00fa. Ako vieme, zima je pre mnoh\u00fdch \u013eud\u00ed n\u00e1ro\u010dn\u00fdm obdob\u00edm, hlavne pre t\u00fdch, ktor\u00ed nemaj\u00fa dostatok tepl\u00e9ho oble\u010denia. Aj my v \u0161kole m\u00f4\u017eeme prilo\u017ei\u0165 ruku k dielu a pom\u00f4c\u0165 im, aby pre\u010dkali zimu v teple. Preto organizujeme zbierku tepl\u00fdch vec\u00ed &hellip;Zobrazi\u0165","og_url":"https:\/\/moyzeska.sk\/index.php\/2024\/11\/06\/jesenna-charitativna-zbierka\/","og_site_name":"Stredn\u00e1 zdravotn\u00edcka \u0161kola, Moyzesova 17, Ko\u0161ice","article_publisher":"https:\/\/www.facebook.com\/Moyzeska","article_published_time":"2024-11-06T09:25:22+00:00","article_modified_time":"2024-11-06T09:25:24+00:00","author":"szske","twitter_card":"summary_large_image","twitter_misc":{"Autor":"szske","Predpokladan\u00fd \u010das \u010d\u00edtania":"2 min\u00faty"},"schema":{"@context":"https:\/\/schema.org","@graph":[{"@type":"Article","@id":"https:\/\/moyzeska.sk\/index.php\/2024\/11\/06\/jesenna-charitativna-zbierka\/#article","isPartOf":{"@id":"https:\/\/moyzeska.sk\/index.php\/2024\/11\/06\/jesenna-charitativna-zbierka\/"},"author":{"name":"szske","@id":"https:\/\/moyzeska.sk\/#\/schema\/person\/ccacd20eb0ebd5802c810abfe2658b27"},"headline":"Jesenn\u00e1 charitat\u00edvna zbierka","datePublished":"2024-11-06T09:25:22+00:00","dateModified":"2024-11-06T09:25:24+00:00","mainEntityOfPage":{"@id":"https:\/\/moyzeska.sk\/index.php\/2024\/11\/06\/jesenna-charitativna-zbierka\/"},"wordCount":413,"publisher":{"@id":"https:\/\/moyzeska.sk\/#organization"},"inLanguage":"sk-SK"},{"@type":"WebPage","@id":"https:\/\/moyzeska.sk\/index.php\/2024\/11\/06\/jesenna-charitativna-zbierka\/","url":"https:\/\/moyzeska.sk\/index.php\/2024\/11\/06\/jesenna-charitativna-zbierka\/","name":"Jesenn\u00e1 charitat\u00edvna zbierka - Stredn\u00e1 zdravotn\u00edcka \u0161kola, Moyzesova 17, Ko\u0161ice","isPartOf":{"@id":"https:\/\/moyzeska.sk\/#website"},"datePublished":"2024-11-06T09:25:22+00:00","dateModified":"2024-11-06T09:25:24+00:00","breadcrumb":{"@id":"https:\/\/moyzeska.sk\/index.php\/2024\/11\/06\/jesenna-charitativna-zbierka\/#breadcrumb"},"inLanguage":"sk-SK","potentialAction":[{"@type":"ReadAction","target":["https:\/\/moyzeska.sk\/index.php\/2024\/11\/06\/jesenna-charitativna-zbierka\/"]}]},{"@type":"BreadcrumbList","@id":"https:\/\/moyzeska.sk\/index.php\/2024\/11\/06\/jesenna-charitativna-zbierka\/#breadcrumb","itemListElement":[{"@type":"ListItem","position":1,"name":"Home","item":"https:\/\/moyzeska.sk\/"},{"@type":"ListItem","position":2,"name":"Jesenn\u00e1 charitat\u00edvna zbierka"}]},{"@type":"WebSite","@id":"https:\/\/moyzeska.sk\/#website","url":"https:\/\/moyzeska.sk\/","name":"Stredn\u00e1 zdravotn\u00edcka \u0161kola, Moyzesova 17, Ko\u0161ice","description":"","publisher":{"@id":"https:\/\/moyzeska.sk\/#organization"},"potentialAction":[{"@type":"SearchAction","target":{"@type":"EntryPoint","urlTemplate":"https:\/\/moyzeska.sk\/?s={search_term_string}"},"query-input":"required name=search_term_string"}],"inLanguage":"sk-SK"},{"@type":"Organization","@id":"https:\/\/moyzeska.sk\/#organization","name":"Stredn\u00e1 zdravotn\u00edcka \u0161kola, Moyzesova 17, Ko\u0161ice","url":"https:\/\/moyzeska.sk\/","logo":{"@type":"ImageObject","inLanguage":"sk-SK","@id":"https:\/\/moyzeska.sk\/#\/schema\/logo\/image\/","url":"https:\/\/moyzeska.sk\/wp-content\/uploads\/2020\/09\/SZS-logo.png","contentUrl":"https:\/\/moyzeska.sk\/wp-content\/uploads\/2020\/09\/SZS-logo.png","width":300,"height":300,"caption":"Stredn\u00e1 zdravotn\u00edcka \u0161kola, Moyzesova 17, Ko\u0161ice"},"image":{"@id":"https:\/\/moyzeska.sk\/#\/schema\/logo\/image\/"},"sameAs":["https:\/\/www.facebook.com\/Moyzeska","https:\/\/www.instagram.com\/moyzeska\/"]},{"@type":"Person","@id":"https:\/\/moyzeska.sk\/#\/schema\/person\/ccacd20eb0ebd5802c810abfe2658b27","name":"szske","image":{"@type":"ImageObject","inLanguage":"sk-SK","@id":"https:\/\/moyzeska.sk\/#\/schema\/person\/image\/","url":"https:\/\/secure.gravatar.com\/avatar\/a61f327c6a81f0db6f0a9b218fd0495c?s=96&d=mm&r=g","contentUrl":"https:\/\/secure.gravatar.com\/avatar\/a61f327c6a81f0db6f0a9b218fd0495c?s=96&d=mm&r=g","caption":"szske"},"sameAs":["http:\/\/moyzeska.sk"],"url":"https:\/\/moyzeska.sk\/index.php\/author\/szske\/"}]}},"_links":{"self":[{"href":"https:\/\/moyzeska.sk\/index.php\/wp-json\/wp\/v2\/posts\/6596"}],"collection":[{"href":"https:\/\/moyzeska.sk\/index.php\/wp-json\/wp\/v2\/posts"}],"about":[{"href":"https:\/\/moyzeska.sk\/index.php\/wp-json\/wp\/v2\/types\/post"}],"author":[{"embeddable":true,"href":"https:\/\/moyzeska.sk\/index.php\/wp-json\/wp\/v2\/users\/1"}],"replies":[{"embeddable":true,"href":"https:\/\/moyzeska.sk\/index.php\/wp-json\/wp\/v2\/comments?post=6596"}],"version-history":[{"count":1,"href":"https:\/\/moyzeska.sk\/index.php\/wp-json\/wp\/v2\/posts\/6596\/revisions"}],"predecessor-version":[{"id":6597,"href":"https:\/\/moyzeska.sk\/index.php\/wp-json\/wp\/v2\/posts\/6596\/revisions\/6597"}],"wp:attachment":[{"href":"https:\/\/moyzeska.sk\/index.php\/wp-json\/wp\/v2\/media?parent=6596"}],"wp:term":[{"taxonomy":"category","embeddable":true,"href":"https:\/\/moyzeska.sk\/index.php\/wp-json\/wp\/v2\/categories?post=6596"},{"taxonomy":"post_tag","embeddable":true,"href":"https:\/\/moyzeska.sk\/index.php\/wp-json\/wp\/v2\/tags?post=6596"}],"curies":[{"name":"wp","href":"https:\/\/api.w.org\/{rel}","templated":true}]}}