{"id":6170,"date":"2024-09-03T10:21:40","date_gmt":"2024-09-03T08:21:40","guid":{"rendered":"https:\/\/moyzeska.sk\/?p=6170"},"modified":"2024-09-05T13:07:27","modified_gmt":"2024-09-05T11:07:27","slug":"vyhlasenie-doplnujucich-volieb-clena-do-rady-skoly-zastupca-pedagogickych-zamestnancov","status":"publish","type":"post","link":"https:\/\/moyzeska.sk\/index.php\/2024\/09\/03\/vyhlasenie-doplnujucich-volieb-clena-do-rady-skoly-zastupca-pedagogickych-zamestnancov\/","title":{"rendered":"Vyhl\u00e1senie dopl\u0148uj\u00facich volieb \u010dlena do rady \u0161koly \u2013 z\u00e1stupca pedagogick\u00fdch zamestnancov"},"content":{"rendered":"\n<div class=\"wp-block-file\"><a id=\"wp-block-file--media-a4831267-1c4f-4248-9c0d-f5a8065e1d3a\" href=\"https:\/\/moyzeska.sk\/wp-content\/uploads\/2024\/09\/Vyhlasenie-doplnujucich-volieb-do-rady-skoly-24-25-PZ.docx\">Vyhl\u00e1senie dopl\u0148uj\u00facich volieb do rady \u0161koly<\/a><\/div>\n\n\n\n<div class=\"wp-block-file\"><a id=\"wp-block-file--media-a6ba75f6-a0ae-4002-8602-56af1441e196\" href=\"https:\/\/moyzeska.sk\/wp-content\/uploads\/2024\/09\/Volebny-poriadok-doplnujuce-volby-do-rady-skoly-zastupca-pedagogov-1.pdf\">Volebn\u00fd poriadok dopl\u0148uj\u00face vo\u013eby do rady \u0161koly &#8211; z\u00e1stupca pedag\u00f3gov<\/a><\/div>\n","protected":false},"excerpt":{"rendered":"","protected":false},"author":1,"featured_media":0,"comment_status":"closed","ping_status":"closed","sticky":false,"template":"","format":"standard","meta":{"_monsterinsights_skip_tracking":false,"_monsterinsights_sitenote_active":false,"_monsterinsights_sitenote_note":"","_monsterinsights_sitenote_category":0},"categories":[1],"tags":[],"yoast_head":"<!-- This site is optimized with the Yoast SEO plugin v21.8.1 - https:\/\/yoast.com\/wordpress\/plugins\/seo\/ -->\n<title>Vyhl\u00e1senie dopl\u0148uj\u00facich volieb \u010dlena do rady \u0161koly \u2013 z\u00e1stupca pedagogick\u00fdch zamestnancov - Stredn\u00e1 zdravotn\u00edcka \u0161kola, Moyzesova 17, Ko\u0161ice<\/title>\n<meta name=\"robots\" content=\"index, follow, max-snippet:-1, max-image-preview:large, max-video-preview:-1\" \/>\n<link rel=\"canonical\" href=\"https:\/\/moyzeska.sk\/index.php\/2024\/09\/03\/vyhlasenie-doplnujucich-volieb-clena-do-rady-skoly-zastupca-pedagogickych-zamestnancov\/\" \/>\n<meta property=\"og:locale\" content=\"sk_SK\" \/>\n<meta property=\"og:type\" content=\"article\" \/>\n<meta property=\"og:title\" content=\"Vyhl\u00e1senie dopl\u0148uj\u00facich volieb \u010dlena do rady \u0161koly \u2013 z\u00e1stupca pedagogick\u00fdch zamestnancov - Stredn\u00e1 zdravotn\u00edcka \u0161kola, Moyzesova 17, Ko\u0161ice\" \/>\n<meta property=\"og:url\" content=\"https:\/\/moyzeska.sk\/index.php\/2024\/09\/03\/vyhlasenie-doplnujucich-volieb-clena-do-rady-skoly-zastupca-pedagogickych-zamestnancov\/\" \/>\n<meta property=\"og:site_name\" content=\"Stredn\u00e1 zdravotn\u00edcka \u0161kola, Moyzesova 17, Ko\u0161ice\" \/>\n<meta property=\"article:publisher\" content=\"https:\/\/www.facebook.com\/Moyzeska\" \/>\n<meta property=\"article:published_time\" content=\"2024-09-03T08:21:40+00:00\" \/>\n<meta property=\"article:modified_time\" content=\"2024-09-05T11:07:27+00:00\" \/>\n<meta name=\"author\" content=\"szske\" \/>\n<meta name=\"twitter:card\" content=\"summary_large_image\" \/>\n<meta name=\"twitter:label1\" content=\"Autor\" \/>\n\t<meta name=\"twitter:data1\" content=\"szske\" \/>\n\t<meta name=\"twitter:label2\" content=\"Predpokladan\u00fd \u010das \u010d\u00edtania\" \/>\n\t<meta name=\"twitter:data2\" content=\"1 min\u00fata\" \/>\n<script type=\"application\/ld+json\" class=\"yoast-schema-graph\">{\"@context\":\"https:\/\/schema.org\",\"@graph\":[{\"@type\":\"Article\",\"@id\":\"https:\/\/moyzeska.sk\/index.php\/2024\/09\/03\/vyhlasenie-doplnujucich-volieb-clena-do-rady-skoly-zastupca-pedagogickych-zamestnancov\/#article\",\"isPartOf\":{\"@id\":\"https:\/\/moyzeska.sk\/index.php\/2024\/09\/03\/vyhlasenie-doplnujucich-volieb-clena-do-rady-skoly-zastupca-pedagogickych-zamestnancov\/\"},\"author\":{\"name\":\"szske\",\"@id\":\"https:\/\/moyzeska.sk\/#\/schema\/person\/ccacd20eb0ebd5802c810abfe2658b27\"},\"headline\":\"Vyhl\u00e1senie dopl\u0148uj\u00facich volieb \u010dlena do rady \u0161koly \u2013 z\u00e1stupca pedagogick\u00fdch zamestnancov\",\"datePublished\":\"2024-09-03T08:21:40+00:00\",\"dateModified\":\"2024-09-05T11:07:27+00:00\",\"mainEntityOfPage\":{\"@id\":\"https:\/\/moyzeska.sk\/index.php\/2024\/09\/03\/vyhlasenie-doplnujucich-volieb-clena-do-rady-skoly-zastupca-pedagogickych-zamestnancov\/\"},\"wordCount\":39,\"publisher\":{\"@id\":\"https:\/\/moyzeska.sk\/#organization\"},\"inLanguage\":\"sk-SK\"},{\"@type\":\"WebPage\",\"@id\":\"https:\/\/moyzeska.sk\/index.php\/2024\/09\/03\/vyhlasenie-doplnujucich-volieb-clena-do-rady-skoly-zastupca-pedagogickych-zamestnancov\/\",\"url\":\"https:\/\/moyzeska.sk\/index.php\/2024\/09\/03\/vyhlasenie-doplnujucich-volieb-clena-do-rady-skoly-zastupca-pedagogickych-zamestnancov\/\",\"name\":\"Vyhl\u00e1senie dopl\u0148uj\u00facich volieb \u010dlena do rady \u0161koly \u2013 z\u00e1stupca pedagogick\u00fdch zamestnancov - Stredn\u00e1 zdravotn\u00edcka \u0161kola, Moyzesova 17, Ko\u0161ice\",\"isPartOf\":{\"@id\":\"https:\/\/moyzeska.sk\/#website\"},\"datePublished\":\"2024-09-03T08:21:40+00:00\",\"dateModified\":\"2024-09-05T11:07:27+00:00\",\"breadcrumb\":{\"@id\":\"https:\/\/moyzeska.sk\/index.php\/2024\/09\/03\/vyhlasenie-doplnujucich-volieb-clena-do-rady-skoly-zastupca-pedagogickych-zamestnancov\/#breadcrumb\"},\"inLanguage\":\"sk-SK\",\"potentialAction\":[{\"@type\":\"ReadAction\",\"target\":[\"https:\/\/moyzeska.sk\/index.php\/2024\/09\/03\/vyhlasenie-doplnujucich-volieb-clena-do-rady-skoly-zastupca-pedagogickych-zamestnancov\/\"]}]},{\"@type\":\"BreadcrumbList\",\"@id\":\"https:\/\/moyzeska.sk\/index.php\/2024\/09\/03\/vyhlasenie-doplnujucich-volieb-clena-do-rady-skoly-zastupca-pedagogickych-zamestnancov\/#breadcrumb\",\"itemListElement\":[{\"@type\":\"ListItem\",\"position\":1,\"name\":\"Home\",\"item\":\"https:\/\/moyzeska.sk\/\"},{\"@type\":\"ListItem\",\"position\":2,\"name\":\"Vyhl\u00e1senie dopl\u0148uj\u00facich volieb \u010dlena do rady \u0161koly \u2013 z\u00e1stupca pedagogick\u00fdch zamestnancov\"}]},{\"@type\":\"WebSite\",\"@id\":\"https:\/\/moyzeska.sk\/#website\",\"url\":\"https:\/\/moyzeska.sk\/\",\"name\":\"Stredn\u00e1 zdravotn\u00edcka \u0161kola, Moyzesova 17, Ko\u0161ice\",\"description\":\"\",\"publisher\":{\"@id\":\"https:\/\/moyzeska.sk\/#organization\"},\"potentialAction\":[{\"@type\":\"SearchAction\",\"target\":{\"@type\":\"EntryPoint\",\"urlTemplate\":\"https:\/\/moyzeska.sk\/?s={search_term_string}\"},\"query-input\":\"required name=search_term_string\"}],\"inLanguage\":\"sk-SK\"},{\"@type\":\"Organization\",\"@id\":\"https:\/\/moyzeska.sk\/#organization\",\"name\":\"Stredn\u00e1 zdravotn\u00edcka \u0161kola, Moyzesova 17, Ko\u0161ice\",\"url\":\"https:\/\/moyzeska.sk\/\",\"logo\":{\"@type\":\"ImageObject\",\"inLanguage\":\"sk-SK\",\"@id\":\"https:\/\/moyzeska.sk\/#\/schema\/logo\/image\/\",\"url\":\"https:\/\/moyzeska.sk\/wp-content\/uploads\/2020\/09\/SZS-logo.png\",\"contentUrl\":\"https:\/\/moyzeska.sk\/wp-content\/uploads\/2020\/09\/SZS-logo.png\",\"width\":300,\"height\":300,\"caption\":\"Stredn\u00e1 zdravotn\u00edcka \u0161kola, Moyzesova 17, Ko\u0161ice\"},\"image\":{\"@id\":\"https:\/\/moyzeska.sk\/#\/schema\/logo\/image\/\"},\"sameAs\":[\"https:\/\/www.facebook.com\/Moyzeska\",\"https:\/\/www.instagram.com\/moyzeska\/\"]},{\"@type\":\"Person\",\"@id\":\"https:\/\/moyzeska.sk\/#\/schema\/person\/ccacd20eb0ebd5802c810abfe2658b27\",\"name\":\"szske\",\"image\":{\"@type\":\"ImageObject\",\"inLanguage\":\"sk-SK\",\"@id\":\"https:\/\/moyzeska.sk\/#\/schema\/person\/image\/\",\"url\":\"https:\/\/secure.gravatar.com\/avatar\/a61f327c6a81f0db6f0a9b218fd0495c?s=96&d=mm&r=g\",\"contentUrl\":\"https:\/\/secure.gravatar.com\/avatar\/a61f327c6a81f0db6f0a9b218fd0495c?s=96&d=mm&r=g\",\"caption\":\"szske\"},\"sameAs\":[\"http:\/\/moyzeska.sk\"],\"url\":\"https:\/\/moyzeska.sk\/index.php\/author\/szske\/\"}]}<\/script>\n<!-- \/ Yoast SEO plugin. -->","yoast_head_json":{"title":"Vyhl\u00e1senie dopl\u0148uj\u00facich volieb \u010dlena do rady \u0161koly \u2013 z\u00e1stupca pedagogick\u00fdch zamestnancov - Stredn\u00e1 zdravotn\u00edcka \u0161kola, Moyzesova 17, Ko\u0161ice","robots":{"index":"index","follow":"follow","max-snippet":"max-snippet:-1","max-image-preview":"max-image-preview:large","max-video-preview":"max-video-preview:-1"},"canonical":"https:\/\/moyzeska.sk\/index.php\/2024\/09\/03\/vyhlasenie-doplnujucich-volieb-clena-do-rady-skoly-zastupca-pedagogickych-zamestnancov\/","og_locale":"sk_SK","og_type":"article","og_title":"Vyhl\u00e1senie dopl\u0148uj\u00facich volieb \u010dlena do rady \u0161koly \u2013 z\u00e1stupca pedagogick\u00fdch zamestnancov - Stredn\u00e1 zdravotn\u00edcka \u0161kola, Moyzesova 17, Ko\u0161ice","og_url":"https:\/\/moyzeska.sk\/index.php\/2024\/09\/03\/vyhlasenie-doplnujucich-volieb-clena-do-rady-skoly-zastupca-pedagogickych-zamestnancov\/","og_site_name":"Stredn\u00e1 zdravotn\u00edcka \u0161kola, Moyzesova 17, Ko\u0161ice","article_publisher":"https:\/\/www.facebook.com\/Moyzeska","article_published_time":"2024-09-03T08:21:40+00:00","article_modified_time":"2024-09-05T11:07:27+00:00","author":"szske","twitter_card":"summary_large_image","twitter_misc":{"Autor":"szske","Predpokladan\u00fd \u010das \u010d\u00edtania":"1 min\u00fata"},"schema":{"@context":"https:\/\/schema.org","@graph":[{"@type":"Article","@id":"https:\/\/moyzeska.sk\/index.php\/2024\/09\/03\/vyhlasenie-doplnujucich-volieb-clena-do-rady-skoly-zastupca-pedagogickych-zamestnancov\/#article","isPartOf":{"@id":"https:\/\/moyzeska.sk\/index.php\/2024\/09\/03\/vyhlasenie-doplnujucich-volieb-clena-do-rady-skoly-zastupca-pedagogickych-zamestnancov\/"},"author":{"name":"szske","@id":"https:\/\/moyzeska.sk\/#\/schema\/person\/ccacd20eb0ebd5802c810abfe2658b27"},"headline":"Vyhl\u00e1senie dopl\u0148uj\u00facich volieb \u010dlena do rady \u0161koly \u2013 z\u00e1stupca pedagogick\u00fdch zamestnancov","datePublished":"2024-09-03T08:21:40+00:00","dateModified":"2024-09-05T11:07:27+00:00","mainEntityOfPage":{"@id":"https:\/\/moyzeska.sk\/index.php\/2024\/09\/03\/vyhlasenie-doplnujucich-volieb-clena-do-rady-skoly-zastupca-pedagogickych-zamestnancov\/"},"wordCount":39,"publisher":{"@id":"https:\/\/moyzeska.sk\/#organization"},"inLanguage":"sk-SK"},{"@type":"WebPage","@id":"https:\/\/moyzeska.sk\/index.php\/2024\/09\/03\/vyhlasenie-doplnujucich-volieb-clena-do-rady-skoly-zastupca-pedagogickych-zamestnancov\/","url":"https:\/\/moyzeska.sk\/index.php\/2024\/09\/03\/vyhlasenie-doplnujucich-volieb-clena-do-rady-skoly-zastupca-pedagogickych-zamestnancov\/","name":"Vyhl\u00e1senie dopl\u0148uj\u00facich volieb \u010dlena do rady \u0161koly \u2013 z\u00e1stupca pedagogick\u00fdch zamestnancov - Stredn\u00e1 zdravotn\u00edcka \u0161kola, Moyzesova 17, Ko\u0161ice","isPartOf":{"@id":"https:\/\/moyzeska.sk\/#website"},"datePublished":"2024-09-03T08:21:40+00:00","dateModified":"2024-09-05T11:07:27+00:00","breadcrumb":{"@id":"https:\/\/moyzeska.sk\/index.php\/2024\/09\/03\/vyhlasenie-doplnujucich-volieb-clena-do-rady-skoly-zastupca-pedagogickych-zamestnancov\/#breadcrumb"},"inLanguage":"sk-SK","potentialAction":[{"@type":"ReadAction","target":["https:\/\/moyzeska.sk\/index.php\/2024\/09\/03\/vyhlasenie-doplnujucich-volieb-clena-do-rady-skoly-zastupca-pedagogickych-zamestnancov\/"]}]},{"@type":"BreadcrumbList","@id":"https:\/\/moyzeska.sk\/index.php\/2024\/09\/03\/vyhlasenie-doplnujucich-volieb-clena-do-rady-skoly-zastupca-pedagogickych-zamestnancov\/#breadcrumb","itemListElement":[{"@type":"ListItem","position":1,"name":"Home","item":"https:\/\/moyzeska.sk\/"},{"@type":"ListItem","position":2,"name":"Vyhl\u00e1senie dopl\u0148uj\u00facich volieb \u010dlena do rady \u0161koly \u2013 z\u00e1stupca pedagogick\u00fdch zamestnancov"}]},{"@type":"WebSite","@id":"https:\/\/moyzeska.sk\/#website","url":"https:\/\/moyzeska.sk\/","name":"Stredn\u00e1 zdravotn\u00edcka \u0161kola, Moyzesova 17, Ko\u0161ice","description":"","publisher":{"@id":"https:\/\/moyzeska.sk\/#organization"},"potentialAction":[{"@type":"SearchAction","target":{"@type":"EntryPoint","urlTemplate":"https:\/\/moyzeska.sk\/?s={search_term_string}"},"query-input":"required name=search_term_string"}],"inLanguage":"sk-SK"},{"@type":"Organization","@id":"https:\/\/moyzeska.sk\/#organization","name":"Stredn\u00e1 zdravotn\u00edcka \u0161kola, Moyzesova 17, Ko\u0161ice","url":"https:\/\/moyzeska.sk\/","logo":{"@type":"ImageObject","inLanguage":"sk-SK","@id":"https:\/\/moyzeska.sk\/#\/schema\/logo\/image\/","url":"https:\/\/moyzeska.sk\/wp-content\/uploads\/2020\/09\/SZS-logo.png","contentUrl":"https:\/\/moyzeska.sk\/wp-content\/uploads\/2020\/09\/SZS-logo.png","width":300,"height":300,"caption":"Stredn\u00e1 zdravotn\u00edcka \u0161kola, Moyzesova 17, Ko\u0161ice"},"image":{"@id":"https:\/\/moyzeska.sk\/#\/schema\/logo\/image\/"},"sameAs":["https:\/\/www.facebook.com\/Moyzeska","https:\/\/www.instagram.com\/moyzeska\/"]},{"@type":"Person","@id":"https:\/\/moyzeska.sk\/#\/schema\/person\/ccacd20eb0ebd5802c810abfe2658b27","name":"szske","image":{"@type":"ImageObject","inLanguage":"sk-SK","@id":"https:\/\/moyzeska.sk\/#\/schema\/person\/image\/","url":"https:\/\/secure.gravatar.com\/avatar\/a61f327c6a81f0db6f0a9b218fd0495c?s=96&d=mm&r=g","contentUrl":"https:\/\/secure.gravatar.com\/avatar\/a61f327c6a81f0db6f0a9b218fd0495c?s=96&d=mm&r=g","caption":"szske"},"sameAs":["http:\/\/moyzeska.sk"],"url":"https:\/\/moyzeska.sk\/index.php\/author\/szske\/"}]}},"_links":{"self":[{"href":"https:\/\/moyzeska.sk\/index.php\/wp-json\/wp\/v2\/posts\/6170"}],"collection":[{"href":"https:\/\/moyzeska.sk\/index.php\/wp-json\/wp\/v2\/posts"}],"about":[{"href":"https:\/\/moyzeska.sk\/index.php\/wp-json\/wp\/v2\/types\/post"}],"author":[{"embeddable":true,"href":"https:\/\/moyzeska.sk\/index.php\/wp-json\/wp\/v2\/users\/1"}],"replies":[{"embeddable":true,"href":"https:\/\/moyzeska.sk\/index.php\/wp-json\/wp\/v2\/comments?post=6170"}],"version-history":[{"count":4,"href":"https:\/\/moyzeska.sk\/index.php\/wp-json\/wp\/v2\/posts\/6170\/revisions"}],"predecessor-version":[{"id":6184,"href":"https:\/\/moyzeska.sk\/index.php\/wp-json\/wp\/v2\/posts\/6170\/revisions\/6184"}],"wp:attachment":[{"href":"https:\/\/moyzeska.sk\/index.php\/wp-json\/wp\/v2\/media?parent=6170"}],"wp:term":[{"taxonomy":"category","embeddable":true,"href":"https:\/\/moyzeska.sk\/index.php\/wp-json\/wp\/v2\/categories?post=6170"},{"taxonomy":"post_tag","embeddable":true,"href":"https:\/\/moyzeska.sk\/index.php\/wp-json\/wp\/v2\/tags?post=6170"}],"curies":[{"name":"wp","href":"https:\/\/api.w.org\/{rel}","templated":true}]}}