{"id":6078,"date":"2024-07-03T08:30:46","date_gmt":"2024-07-03T06:30:46","guid":{"rendered":"https:\/\/moyzeska.sk\/?p=6078"},"modified":"2024-07-03T08:30:48","modified_gmt":"2024-07-03T06:30:48","slug":"den-usmevu","status":"publish","type":"post","link":"https:\/\/moyzeska.sk\/index.php\/2024\/07\/03\/den-usmevu\/","title":{"rendered":"De\u0148 \u00fasmevu"},"content":{"rendered":"\n<p>Spolo\u010dnos\u0165 priate\u013eov det\u00ed z detsk\u00fdch domovov \u00dasmev ako dar je najstar\u0161ou a najv\u00e4\u010d\u0161ou mimovl\u00e1dnou organiz\u00e1ciou na Slovensku p\u00f4sobiacou v oblasti n\u00e1hradnej starostlivosti, pomoci ohrozen\u00fdm rodin\u00e1m a pomoci obetiam trestn\u00fdch \u010dinov.<br><br>Verejn\u00e1 zbierka \u201eDe\u0148 \u00fasmevu 2024\u201c&nbsp; sa konala od 13. j\u00fana 2023 do 26. j\u00fana 2024 na \u00fazem\u00ed Slovenskej republiky.<\/p>\n\n\n\n<p>Je dobrou trad\u00edciu, \u017ee sa aj na\u0161a \u0161kola ka\u017edoro\u010dne akt\u00edvne zap\u00e1ja do tejto zbierky. V tomto \u0161kolskom roku bola pr\u00edle\u017eitos\u0165 vyzbiera\u0165 peniaze pre \u00dasmev ako dar:<br>1. formou zbierok \u017eiakov jednotliv\u00fdch tried aj u\u010dite\u013eov a poskytn\u00fa\u0165 ich tejto organiz\u00e1cii<br>2. formou zbierok dobrovo\u013en\u00edkov z na\u0161ej \u0161koly v uliciach n\u00e1\u0161ho mesta<br><br>\u017diaci jednotliv\u00fdch tried prispeli do tejto zbierky sumou pod\u013ea mo\u017enost\u00ed ka\u017ed\u00e9ho \u017eiaka. Po\u010das ve\u013ekej prest\u00e1vky prebiehala zbierka aj na medziposchod\u00ed \u0161koly.<\/p>\n\n\n\n<p>20 dobrovo\u013en\u00edkov vykonalo zbierku aj v&nbsp;uliciach Ko\u0161\u00edc. Nazbierali &nbsp;pekn\u00fa sumu pe\u0148az\u00ed a&nbsp;ver\u00edme, \u017ee pom\u00f4\u017ee t\u00fdm, ktor\u00ed to najviac potrebuj\u00fa. Chceli by sme sa im v\u0161etk\u00fdm po\u010fakova\u0165 za ich \u010das, nasadenie a&nbsp;ochotu.<\/p>\n\n\n\n<p><br>Je ve\u013ea pod\u00f4b pomoci, ktor\u00e1 je potrebn\u00e1. Na d\u00e1van\u00ed je kr\u00e1sne to, \u017ee na chv\u00ed\u013eu zabudnete na seba a mysl\u00edte na druh\u00fdch.<\/p>\n\n\n\n<p>More aj oce\u00e1n s\u00fa ve\u013ek\u00e9, ale aj more aj oce\u00e1n sa sklad\u00e1 z kvapiek vody, ktor\u00e9 sa nakoniec stan\u00fa siln\u00fdm pr\u00fadom. Sami by neznamenali ni\u010d, len spolu dok\u00e1\u017eeme vytvori\u0165 nie\u010do pekn\u00e9.<br><br><\/p>\n\n\n\n<p>\u010eakujeme, \u017ee pom\u00e1hate t\u00fdm, ktor\u00ed to najviac potrebuj\u00fa.<\/p>\n","protected":false},"excerpt":{"rendered":"<p>Spolo\u010dnos\u0165 priate\u013eov det\u00ed z detsk\u00fdch domovov \u00dasmev ako dar je najstar\u0161ou a najv\u00e4\u010d\u0161ou mimovl\u00e1dnou organiz\u00e1ciou na Slovensku p\u00f4sobiacou v oblasti n\u00e1hradnej starostlivosti, pomoci ohrozen\u00fdm rodin\u00e1m a pomoci obetiam trestn\u00fdch \u010dinov. Verejn\u00e1 zbierka \u201eDe\u0148 \u00fasmevu 2024\u201c&nbsp; sa konala od 13. j\u00fana 2023 do 26. j\u00fana 2024 na \u00fazem\u00ed Slovenskej republiky. Je dobrou trad\u00edciu, \u017ee sa aj &hellip;<br \/><a href=\"https:\/\/moyzeska.sk\/index.php\/2024\/07\/03\/den-usmevu\/\" class=\"more-link pen_button pen_element_default pen_icon_arrow_double\">Zobrazi\u0165<\/a><\/p>\n","protected":false},"author":1,"featured_media":0,"comment_status":"closed","ping_status":"closed","sticky":false,"template":"","format":"standard","meta":{"_monsterinsights_skip_tracking":false,"_monsterinsights_sitenote_active":false,"_monsterinsights_sitenote_note":"","_monsterinsights_sitenote_category":0},"categories":[1],"tags":[],"yoast_head":"<!-- This site is optimized with the Yoast SEO plugin v21.8.1 - https:\/\/yoast.com\/wordpress\/plugins\/seo\/ -->\n<title>De\u0148 \u00fasmevu - Stredn\u00e1 zdravotn\u00edcka \u0161kola, Moyzesova 17, Ko\u0161ice<\/title>\n<meta name=\"robots\" content=\"index, follow, max-snippet:-1, max-image-preview:large, max-video-preview:-1\" \/>\n<link rel=\"canonical\" href=\"https:\/\/moyzeska.sk\/index.php\/2024\/07\/03\/den-usmevu\/\" \/>\n<meta property=\"og:locale\" content=\"sk_SK\" \/>\n<meta property=\"og:type\" content=\"article\" \/>\n<meta property=\"og:title\" content=\"De\u0148 \u00fasmevu - Stredn\u00e1 zdravotn\u00edcka \u0161kola, Moyzesova 17, Ko\u0161ice\" \/>\n<meta property=\"og:description\" content=\"Spolo\u010dnos\u0165 priate\u013eov det\u00ed z detsk\u00fdch domovov \u00dasmev ako dar je najstar\u0161ou a najv\u00e4\u010d\u0161ou mimovl\u00e1dnou organiz\u00e1ciou na Slovensku p\u00f4sobiacou v oblasti n\u00e1hradnej starostlivosti, pomoci ohrozen\u00fdm rodin\u00e1m a pomoci obetiam trestn\u00fdch \u010dinov. Verejn\u00e1 zbierka \u201eDe\u0148 \u00fasmevu 2024\u201c&nbsp; sa konala od 13. j\u00fana 2023 do 26. j\u00fana 2024 na \u00fazem\u00ed Slovenskej republiky. Je dobrou trad\u00edciu, \u017ee sa aj &hellip;Zobrazi\u0165\" \/>\n<meta property=\"og:url\" content=\"https:\/\/moyzeska.sk\/index.php\/2024\/07\/03\/den-usmevu\/\" \/>\n<meta property=\"og:site_name\" content=\"Stredn\u00e1 zdravotn\u00edcka \u0161kola, Moyzesova 17, Ko\u0161ice\" \/>\n<meta property=\"article:publisher\" content=\"https:\/\/www.facebook.com\/Moyzeska\" \/>\n<meta property=\"article:published_time\" content=\"2024-07-03T06:30:46+00:00\" \/>\n<meta property=\"article:modified_time\" content=\"2024-07-03T06:30:48+00:00\" \/>\n<meta name=\"author\" content=\"szske\" \/>\n<meta name=\"twitter:card\" content=\"summary_large_image\" \/>\n<meta name=\"twitter:label1\" content=\"Autor\" \/>\n\t<meta name=\"twitter:data1\" content=\"szske\" \/>\n\t<meta name=\"twitter:label2\" content=\"Predpokladan\u00fd \u010das \u010d\u00edtania\" \/>\n\t<meta name=\"twitter:data2\" content=\"2 min\u00faty\" \/>\n<script type=\"application\/ld+json\" class=\"yoast-schema-graph\">{\"@context\":\"https:\/\/schema.org\",\"@graph\":[{\"@type\":\"Article\",\"@id\":\"https:\/\/moyzeska.sk\/index.php\/2024\/07\/03\/den-usmevu\/#article\",\"isPartOf\":{\"@id\":\"https:\/\/moyzeska.sk\/index.php\/2024\/07\/03\/den-usmevu\/\"},\"author\":{\"name\":\"szske\",\"@id\":\"https:\/\/moyzeska.sk\/#\/schema\/person\/ccacd20eb0ebd5802c810abfe2658b27\"},\"headline\":\"De\u0148 \u00fasmevu\",\"datePublished\":\"2024-07-03T06:30:46+00:00\",\"dateModified\":\"2024-07-03T06:30:48+00:00\",\"mainEntityOfPage\":{\"@id\":\"https:\/\/moyzeska.sk\/index.php\/2024\/07\/03\/den-usmevu\/\"},\"wordCount\":278,\"publisher\":{\"@id\":\"https:\/\/moyzeska.sk\/#organization\"},\"inLanguage\":\"sk-SK\"},{\"@type\":\"WebPage\",\"@id\":\"https:\/\/moyzeska.sk\/index.php\/2024\/07\/03\/den-usmevu\/\",\"url\":\"https:\/\/moyzeska.sk\/index.php\/2024\/07\/03\/den-usmevu\/\",\"name\":\"De\u0148 \u00fasmevu - Stredn\u00e1 zdravotn\u00edcka \u0161kola, Moyzesova 17, Ko\u0161ice\",\"isPartOf\":{\"@id\":\"https:\/\/moyzeska.sk\/#website\"},\"datePublished\":\"2024-07-03T06:30:46+00:00\",\"dateModified\":\"2024-07-03T06:30:48+00:00\",\"breadcrumb\":{\"@id\":\"https:\/\/moyzeska.sk\/index.php\/2024\/07\/03\/den-usmevu\/#breadcrumb\"},\"inLanguage\":\"sk-SK\",\"potentialAction\":[{\"@type\":\"ReadAction\",\"target\":[\"https:\/\/moyzeska.sk\/index.php\/2024\/07\/03\/den-usmevu\/\"]}]},{\"@type\":\"BreadcrumbList\",\"@id\":\"https:\/\/moyzeska.sk\/index.php\/2024\/07\/03\/den-usmevu\/#breadcrumb\",\"itemListElement\":[{\"@type\":\"ListItem\",\"position\":1,\"name\":\"Home\",\"item\":\"https:\/\/moyzeska.sk\/\"},{\"@type\":\"ListItem\",\"position\":2,\"name\":\"De\u0148 \u00fasmevu\"}]},{\"@type\":\"WebSite\",\"@id\":\"https:\/\/moyzeska.sk\/#website\",\"url\":\"https:\/\/moyzeska.sk\/\",\"name\":\"Stredn\u00e1 zdravotn\u00edcka \u0161kola, Moyzesova 17, Ko\u0161ice\",\"description\":\"\",\"publisher\":{\"@id\":\"https:\/\/moyzeska.sk\/#organization\"},\"potentialAction\":[{\"@type\":\"SearchAction\",\"target\":{\"@type\":\"EntryPoint\",\"urlTemplate\":\"https:\/\/moyzeska.sk\/?s={search_term_string}\"},\"query-input\":\"required name=search_term_string\"}],\"inLanguage\":\"sk-SK\"},{\"@type\":\"Organization\",\"@id\":\"https:\/\/moyzeska.sk\/#organization\",\"name\":\"Stredn\u00e1 zdravotn\u00edcka \u0161kola, Moyzesova 17, Ko\u0161ice\",\"url\":\"https:\/\/moyzeska.sk\/\",\"logo\":{\"@type\":\"ImageObject\",\"inLanguage\":\"sk-SK\",\"@id\":\"https:\/\/moyzeska.sk\/#\/schema\/logo\/image\/\",\"url\":\"https:\/\/moyzeska.sk\/wp-content\/uploads\/2020\/09\/SZS-logo.png\",\"contentUrl\":\"https:\/\/moyzeska.sk\/wp-content\/uploads\/2020\/09\/SZS-logo.png\",\"width\":300,\"height\":300,\"caption\":\"Stredn\u00e1 zdravotn\u00edcka \u0161kola, Moyzesova 17, Ko\u0161ice\"},\"image\":{\"@id\":\"https:\/\/moyzeska.sk\/#\/schema\/logo\/image\/\"},\"sameAs\":[\"https:\/\/www.facebook.com\/Moyzeska\",\"https:\/\/www.instagram.com\/moyzeska\/\"]},{\"@type\":\"Person\",\"@id\":\"https:\/\/moyzeska.sk\/#\/schema\/person\/ccacd20eb0ebd5802c810abfe2658b27\",\"name\":\"szske\",\"image\":{\"@type\":\"ImageObject\",\"inLanguage\":\"sk-SK\",\"@id\":\"https:\/\/moyzeska.sk\/#\/schema\/person\/image\/\",\"url\":\"https:\/\/secure.gravatar.com\/avatar\/a61f327c6a81f0db6f0a9b218fd0495c?s=96&d=mm&r=g\",\"contentUrl\":\"https:\/\/secure.gravatar.com\/avatar\/a61f327c6a81f0db6f0a9b218fd0495c?s=96&d=mm&r=g\",\"caption\":\"szske\"},\"sameAs\":[\"http:\/\/moyzeska.sk\"],\"url\":\"https:\/\/moyzeska.sk\/index.php\/author\/szske\/\"}]}<\/script>\n<!-- \/ Yoast SEO plugin. -->","yoast_head_json":{"title":"De\u0148 \u00fasmevu - Stredn\u00e1 zdravotn\u00edcka \u0161kola, Moyzesova 17, Ko\u0161ice","robots":{"index":"index","follow":"follow","max-snippet":"max-snippet:-1","max-image-preview":"max-image-preview:large","max-video-preview":"max-video-preview:-1"},"canonical":"https:\/\/moyzeska.sk\/index.php\/2024\/07\/03\/den-usmevu\/","og_locale":"sk_SK","og_type":"article","og_title":"De\u0148 \u00fasmevu - Stredn\u00e1 zdravotn\u00edcka \u0161kola, Moyzesova 17, Ko\u0161ice","og_description":"Spolo\u010dnos\u0165 priate\u013eov det\u00ed z detsk\u00fdch domovov \u00dasmev ako dar je najstar\u0161ou a najv\u00e4\u010d\u0161ou mimovl\u00e1dnou organiz\u00e1ciou na Slovensku p\u00f4sobiacou v oblasti n\u00e1hradnej starostlivosti, pomoci ohrozen\u00fdm rodin\u00e1m a pomoci obetiam trestn\u00fdch \u010dinov. Verejn\u00e1 zbierka \u201eDe\u0148 \u00fasmevu 2024\u201c&nbsp; sa konala od 13. j\u00fana 2023 do 26. j\u00fana 2024 na \u00fazem\u00ed Slovenskej republiky. Je dobrou trad\u00edciu, \u017ee sa aj &hellip;Zobrazi\u0165","og_url":"https:\/\/moyzeska.sk\/index.php\/2024\/07\/03\/den-usmevu\/","og_site_name":"Stredn\u00e1 zdravotn\u00edcka \u0161kola, Moyzesova 17, Ko\u0161ice","article_publisher":"https:\/\/www.facebook.com\/Moyzeska","article_published_time":"2024-07-03T06:30:46+00:00","article_modified_time":"2024-07-03T06:30:48+00:00","author":"szske","twitter_card":"summary_large_image","twitter_misc":{"Autor":"szske","Predpokladan\u00fd \u010das \u010d\u00edtania":"2 min\u00faty"},"schema":{"@context":"https:\/\/schema.org","@graph":[{"@type":"Article","@id":"https:\/\/moyzeska.sk\/index.php\/2024\/07\/03\/den-usmevu\/#article","isPartOf":{"@id":"https:\/\/moyzeska.sk\/index.php\/2024\/07\/03\/den-usmevu\/"},"author":{"name":"szske","@id":"https:\/\/moyzeska.sk\/#\/schema\/person\/ccacd20eb0ebd5802c810abfe2658b27"},"headline":"De\u0148 \u00fasmevu","datePublished":"2024-07-03T06:30:46+00:00","dateModified":"2024-07-03T06:30:48+00:00","mainEntityOfPage":{"@id":"https:\/\/moyzeska.sk\/index.php\/2024\/07\/03\/den-usmevu\/"},"wordCount":278,"publisher":{"@id":"https:\/\/moyzeska.sk\/#organization"},"inLanguage":"sk-SK"},{"@type":"WebPage","@id":"https:\/\/moyzeska.sk\/index.php\/2024\/07\/03\/den-usmevu\/","url":"https:\/\/moyzeska.sk\/index.php\/2024\/07\/03\/den-usmevu\/","name":"De\u0148 \u00fasmevu - Stredn\u00e1 zdravotn\u00edcka \u0161kola, Moyzesova 17, Ko\u0161ice","isPartOf":{"@id":"https:\/\/moyzeska.sk\/#website"},"datePublished":"2024-07-03T06:30:46+00:00","dateModified":"2024-07-03T06:30:48+00:00","breadcrumb":{"@id":"https:\/\/moyzeska.sk\/index.php\/2024\/07\/03\/den-usmevu\/#breadcrumb"},"inLanguage":"sk-SK","potentialAction":[{"@type":"ReadAction","target":["https:\/\/moyzeska.sk\/index.php\/2024\/07\/03\/den-usmevu\/"]}]},{"@type":"BreadcrumbList","@id":"https:\/\/moyzeska.sk\/index.php\/2024\/07\/03\/den-usmevu\/#breadcrumb","itemListElement":[{"@type":"ListItem","position":1,"name":"Home","item":"https:\/\/moyzeska.sk\/"},{"@type":"ListItem","position":2,"name":"De\u0148 \u00fasmevu"}]},{"@type":"WebSite","@id":"https:\/\/moyzeska.sk\/#website","url":"https:\/\/moyzeska.sk\/","name":"Stredn\u00e1 zdravotn\u00edcka \u0161kola, Moyzesova 17, Ko\u0161ice","description":"","publisher":{"@id":"https:\/\/moyzeska.sk\/#organization"},"potentialAction":[{"@type":"SearchAction","target":{"@type":"EntryPoint","urlTemplate":"https:\/\/moyzeska.sk\/?s={search_term_string}"},"query-input":"required name=search_term_string"}],"inLanguage":"sk-SK"},{"@type":"Organization","@id":"https:\/\/moyzeska.sk\/#organization","name":"Stredn\u00e1 zdravotn\u00edcka \u0161kola, Moyzesova 17, Ko\u0161ice","url":"https:\/\/moyzeska.sk\/","logo":{"@type":"ImageObject","inLanguage":"sk-SK","@id":"https:\/\/moyzeska.sk\/#\/schema\/logo\/image\/","url":"https:\/\/moyzeska.sk\/wp-content\/uploads\/2020\/09\/SZS-logo.png","contentUrl":"https:\/\/moyzeska.sk\/wp-content\/uploads\/2020\/09\/SZS-logo.png","width":300,"height":300,"caption":"Stredn\u00e1 zdravotn\u00edcka \u0161kola, Moyzesova 17, Ko\u0161ice"},"image":{"@id":"https:\/\/moyzeska.sk\/#\/schema\/logo\/image\/"},"sameAs":["https:\/\/www.facebook.com\/Moyzeska","https:\/\/www.instagram.com\/moyzeska\/"]},{"@type":"Person","@id":"https:\/\/moyzeska.sk\/#\/schema\/person\/ccacd20eb0ebd5802c810abfe2658b27","name":"szske","image":{"@type":"ImageObject","inLanguage":"sk-SK","@id":"https:\/\/moyzeska.sk\/#\/schema\/person\/image\/","url":"https:\/\/secure.gravatar.com\/avatar\/a61f327c6a81f0db6f0a9b218fd0495c?s=96&d=mm&r=g","contentUrl":"https:\/\/secure.gravatar.com\/avatar\/a61f327c6a81f0db6f0a9b218fd0495c?s=96&d=mm&r=g","caption":"szske"},"sameAs":["http:\/\/moyzeska.sk"],"url":"https:\/\/moyzeska.sk\/index.php\/author\/szske\/"}]}},"_links":{"self":[{"href":"https:\/\/moyzeska.sk\/index.php\/wp-json\/wp\/v2\/posts\/6078"}],"collection":[{"href":"https:\/\/moyzeska.sk\/index.php\/wp-json\/wp\/v2\/posts"}],"about":[{"href":"https:\/\/moyzeska.sk\/index.php\/wp-json\/wp\/v2\/types\/post"}],"author":[{"embeddable":true,"href":"https:\/\/moyzeska.sk\/index.php\/wp-json\/wp\/v2\/users\/1"}],"replies":[{"embeddable":true,"href":"https:\/\/moyzeska.sk\/index.php\/wp-json\/wp\/v2\/comments?post=6078"}],"version-history":[{"count":1,"href":"https:\/\/moyzeska.sk\/index.php\/wp-json\/wp\/v2\/posts\/6078\/revisions"}],"predecessor-version":[{"id":6079,"href":"https:\/\/moyzeska.sk\/index.php\/wp-json\/wp\/v2\/posts\/6078\/revisions\/6079"}],"wp:attachment":[{"href":"https:\/\/moyzeska.sk\/index.php\/wp-json\/wp\/v2\/media?parent=6078"}],"wp:term":[{"taxonomy":"category","embeddable":true,"href":"https:\/\/moyzeska.sk\/index.php\/wp-json\/wp\/v2\/categories?post=6078"},{"taxonomy":"post_tag","embeddable":true,"href":"https:\/\/moyzeska.sk\/index.php\/wp-json\/wp\/v2\/tags?post=6078"}],"curies":[{"name":"wp","href":"https:\/\/api.w.org\/{rel}","templated":true}]}}