{"id":6031,"date":"2024-06-14T08:06:13","date_gmt":"2024-06-14T06:06:13","guid":{"rendered":"https:\/\/moyzeska.sk\/?p=6031"},"modified":"2024-06-14T08:06:15","modified_gmt":"2024-06-14T06:06:15","slug":"xv-regionalny-odborny-den-medicinsko-technickych-pracovnikov","status":"publish","type":"post","link":"https:\/\/moyzeska.sk\/index.php\/2024\/06\/14\/xv-regionalny-odborny-den-medicinsko-technickych-pracovnikov\/","title":{"rendered":"XV. region\u00e1lny odborn\u00fd de\u0148 medic\u00ednsko-technick\u00fdch pracovn\u00edkov"},"content":{"rendered":"\n<p>D\u0148a 21.5.2024 sa \u017eiaci tret\u00edch ro\u010dn\u00edkov z\u00fa\u010dastnili na XV. region\u00e1lnom odbornom dni medic\u00ednsko-technick\u00fdch pracovn\u00edkov v Ko\u0161iciach. Je to celodenn\u00fd semin\u00e1r pre zdravotn\u00edckych pracovn\u00edkov SK MTP, ktor\u00fd organizuje Region\u00e1lna komora MTP Ko\u0161ice ka\u017edoro\u010dne.<\/p>\n\n\n\n<p>Na tomto odbornom dni Kristi\u00e1n B\u00e1tor za odbor zdravotn\u00edcky laborant, Michaela Nagyov\u00e1 za odbor farmaceutick\u00fd laborant, Veronika Pavelov\u00e1 a Laura Jakabov\u00e1 za odbor zubn\u00fd asistent reprezentovali na\u0161u \u0161kolu so svojimi predn\u00e1\u0161kami, ktor\u00e9 boli s\u00fa\u010das\u0165ou aj Stredo\u0161kolskej odbornej \u010dinnosti.<\/p>\n\n\n\n<p>Taktie\u017e mali mo\u017enos\u0165 vypo\u010du\u0165 si zauj\u00edmav\u00e9 predn\u00e1\u0161ky na r\u00f4zne odborn\u00e9 t\u00e9my, ktor\u00e9 obohatili a roz\u0161\u00edrili ich vedomosti. Za ich akt\u00edvnu \u00fa\u010das\u0165 boli odmenen\u00ed malou pozornos\u0165ou.<\/p>\n\n\n\n<p>Samozrejme, nech\u00fdbalo ani chutn\u00e9 ob\u010derstvenie \u010di obed. Po\u010das prest\u00e1vok mali mo\u017enos\u0165 prejs\u0165 si st\u00e1nky r\u00f4znych farmaceutick\u00fdch firiem, ktor\u00e9 reprezentovali a pon\u00fakali svoje produkty.<\/p>\n","protected":false},"excerpt":{"rendered":"<p>D\u0148a 21.5.2024 sa \u017eiaci tret\u00edch ro\u010dn\u00edkov z\u00fa\u010dastnili na XV. region\u00e1lnom odbornom dni medic\u00ednsko-technick\u00fdch pracovn\u00edkov v Ko\u0161iciach. Je to celodenn\u00fd semin\u00e1r pre zdravotn\u00edckych pracovn\u00edkov SK MTP, ktor\u00fd organizuje Region\u00e1lna komora MTP Ko\u0161ice ka\u017edoro\u010dne. Na tomto odbornom dni Kristi\u00e1n B\u00e1tor za odbor zdravotn\u00edcky laborant, Michaela Nagyov\u00e1 za odbor farmaceutick\u00fd laborant, Veronika Pavelov\u00e1 a Laura Jakabov\u00e1 za odbor &hellip;<br \/><a href=\"https:\/\/moyzeska.sk\/index.php\/2024\/06\/14\/xv-regionalny-odborny-den-medicinsko-technickych-pracovnikov\/\" class=\"more-link pen_button pen_element_default pen_icon_arrow_double\">Zobrazi\u0165<\/a><\/p>\n","protected":false},"author":1,"featured_media":0,"comment_status":"closed","ping_status":"closed","sticky":false,"template":"","format":"standard","meta":{"_monsterinsights_skip_tracking":false,"_monsterinsights_sitenote_active":false,"_monsterinsights_sitenote_note":"","_monsterinsights_sitenote_category":0},"categories":[1],"tags":[],"yoast_head":"<!-- This site is optimized with the Yoast SEO plugin v21.8.1 - https:\/\/yoast.com\/wordpress\/plugins\/seo\/ -->\n<title>XV. region\u00e1lny odborn\u00fd de\u0148 medic\u00ednsko-technick\u00fdch pracovn\u00edkov - Stredn\u00e1 zdravotn\u00edcka \u0161kola, Moyzesova 17, Ko\u0161ice<\/title>\n<meta name=\"robots\" content=\"index, follow, max-snippet:-1, max-image-preview:large, max-video-preview:-1\" \/>\n<link rel=\"canonical\" href=\"https:\/\/moyzeska.sk\/index.php\/2024\/06\/14\/xv-regionalny-odborny-den-medicinsko-technickych-pracovnikov\/\" \/>\n<meta property=\"og:locale\" content=\"sk_SK\" \/>\n<meta property=\"og:type\" content=\"article\" \/>\n<meta property=\"og:title\" content=\"XV. region\u00e1lny odborn\u00fd de\u0148 medic\u00ednsko-technick\u00fdch pracovn\u00edkov - Stredn\u00e1 zdravotn\u00edcka \u0161kola, Moyzesova 17, Ko\u0161ice\" \/>\n<meta property=\"og:description\" content=\"D\u0148a 21.5.2024 sa \u017eiaci tret\u00edch ro\u010dn\u00edkov z\u00fa\u010dastnili na XV. region\u00e1lnom odbornom dni medic\u00ednsko-technick\u00fdch pracovn\u00edkov v Ko\u0161iciach. Je to celodenn\u00fd semin\u00e1r pre zdravotn\u00edckych pracovn\u00edkov SK MTP, ktor\u00fd organizuje Region\u00e1lna komora MTP Ko\u0161ice ka\u017edoro\u010dne. Na tomto odbornom dni Kristi\u00e1n B\u00e1tor za odbor zdravotn\u00edcky laborant, Michaela Nagyov\u00e1 za odbor farmaceutick\u00fd laborant, Veronika Pavelov\u00e1 a Laura Jakabov\u00e1 za odbor &hellip;Zobrazi\u0165\" \/>\n<meta property=\"og:url\" content=\"https:\/\/moyzeska.sk\/index.php\/2024\/06\/14\/xv-regionalny-odborny-den-medicinsko-technickych-pracovnikov\/\" \/>\n<meta property=\"og:site_name\" content=\"Stredn\u00e1 zdravotn\u00edcka \u0161kola, Moyzesova 17, Ko\u0161ice\" \/>\n<meta property=\"article:publisher\" content=\"https:\/\/www.facebook.com\/Moyzeska\" \/>\n<meta property=\"article:published_time\" content=\"2024-06-14T06:06:13+00:00\" \/>\n<meta property=\"article:modified_time\" content=\"2024-06-14T06:06:15+00:00\" \/>\n<meta name=\"author\" content=\"szske\" \/>\n<meta name=\"twitter:card\" content=\"summary_large_image\" \/>\n<meta name=\"twitter:label1\" content=\"Autor\" \/>\n\t<meta name=\"twitter:data1\" content=\"szske\" \/>\n\t<meta name=\"twitter:label2\" content=\"Predpokladan\u00fd \u010das \u010d\u00edtania\" \/>\n\t<meta name=\"twitter:data2\" content=\"1 min\u00fata\" \/>\n<script type=\"application\/ld+json\" class=\"yoast-schema-graph\">{\"@context\":\"https:\/\/schema.org\",\"@graph\":[{\"@type\":\"Article\",\"@id\":\"https:\/\/moyzeska.sk\/index.php\/2024\/06\/14\/xv-regionalny-odborny-den-medicinsko-technickych-pracovnikov\/#article\",\"isPartOf\":{\"@id\":\"https:\/\/moyzeska.sk\/index.php\/2024\/06\/14\/xv-regionalny-odborny-den-medicinsko-technickych-pracovnikov\/\"},\"author\":{\"name\":\"szske\",\"@id\":\"https:\/\/moyzeska.sk\/#\/schema\/person\/ccacd20eb0ebd5802c810abfe2658b27\"},\"headline\":\"XV. region\u00e1lny odborn\u00fd de\u0148 medic\u00ednsko-technick\u00fdch pracovn\u00edkov\",\"datePublished\":\"2024-06-14T06:06:13+00:00\",\"dateModified\":\"2024-06-14T06:06:15+00:00\",\"mainEntityOfPage\":{\"@id\":\"https:\/\/moyzeska.sk\/index.php\/2024\/06\/14\/xv-regionalny-odborny-den-medicinsko-technickych-pracovnikov\/\"},\"wordCount\":170,\"publisher\":{\"@id\":\"https:\/\/moyzeska.sk\/#organization\"},\"inLanguage\":\"sk-SK\"},{\"@type\":\"WebPage\",\"@id\":\"https:\/\/moyzeska.sk\/index.php\/2024\/06\/14\/xv-regionalny-odborny-den-medicinsko-technickych-pracovnikov\/\",\"url\":\"https:\/\/moyzeska.sk\/index.php\/2024\/06\/14\/xv-regionalny-odborny-den-medicinsko-technickych-pracovnikov\/\",\"name\":\"XV. region\u00e1lny odborn\u00fd de\u0148 medic\u00ednsko-technick\u00fdch pracovn\u00edkov - Stredn\u00e1 zdravotn\u00edcka \u0161kola, Moyzesova 17, Ko\u0161ice\",\"isPartOf\":{\"@id\":\"https:\/\/moyzeska.sk\/#website\"},\"datePublished\":\"2024-06-14T06:06:13+00:00\",\"dateModified\":\"2024-06-14T06:06:15+00:00\",\"breadcrumb\":{\"@id\":\"https:\/\/moyzeska.sk\/index.php\/2024\/06\/14\/xv-regionalny-odborny-den-medicinsko-technickych-pracovnikov\/#breadcrumb\"},\"inLanguage\":\"sk-SK\",\"potentialAction\":[{\"@type\":\"ReadAction\",\"target\":[\"https:\/\/moyzeska.sk\/index.php\/2024\/06\/14\/xv-regionalny-odborny-den-medicinsko-technickych-pracovnikov\/\"]}]},{\"@type\":\"BreadcrumbList\",\"@id\":\"https:\/\/moyzeska.sk\/index.php\/2024\/06\/14\/xv-regionalny-odborny-den-medicinsko-technickych-pracovnikov\/#breadcrumb\",\"itemListElement\":[{\"@type\":\"ListItem\",\"position\":1,\"name\":\"Home\",\"item\":\"https:\/\/moyzeska.sk\/\"},{\"@type\":\"ListItem\",\"position\":2,\"name\":\"XV. region\u00e1lny odborn\u00fd de\u0148 medic\u00ednsko-technick\u00fdch pracovn\u00edkov\"}]},{\"@type\":\"WebSite\",\"@id\":\"https:\/\/moyzeska.sk\/#website\",\"url\":\"https:\/\/moyzeska.sk\/\",\"name\":\"Stredn\u00e1 zdravotn\u00edcka \u0161kola, Moyzesova 17, Ko\u0161ice\",\"description\":\"\",\"publisher\":{\"@id\":\"https:\/\/moyzeska.sk\/#organization\"},\"potentialAction\":[{\"@type\":\"SearchAction\",\"target\":{\"@type\":\"EntryPoint\",\"urlTemplate\":\"https:\/\/moyzeska.sk\/?s={search_term_string}\"},\"query-input\":\"required name=search_term_string\"}],\"inLanguage\":\"sk-SK\"},{\"@type\":\"Organization\",\"@id\":\"https:\/\/moyzeska.sk\/#organization\",\"name\":\"Stredn\u00e1 zdravotn\u00edcka \u0161kola, Moyzesova 17, Ko\u0161ice\",\"url\":\"https:\/\/moyzeska.sk\/\",\"logo\":{\"@type\":\"ImageObject\",\"inLanguage\":\"sk-SK\",\"@id\":\"https:\/\/moyzeska.sk\/#\/schema\/logo\/image\/\",\"url\":\"https:\/\/moyzeska.sk\/wp-content\/uploads\/2020\/09\/SZS-logo.png\",\"contentUrl\":\"https:\/\/moyzeska.sk\/wp-content\/uploads\/2020\/09\/SZS-logo.png\",\"width\":300,\"height\":300,\"caption\":\"Stredn\u00e1 zdravotn\u00edcka \u0161kola, Moyzesova 17, Ko\u0161ice\"},\"image\":{\"@id\":\"https:\/\/moyzeska.sk\/#\/schema\/logo\/image\/\"},\"sameAs\":[\"https:\/\/www.facebook.com\/Moyzeska\",\"https:\/\/www.instagram.com\/moyzeska\/\"]},{\"@type\":\"Person\",\"@id\":\"https:\/\/moyzeska.sk\/#\/schema\/person\/ccacd20eb0ebd5802c810abfe2658b27\",\"name\":\"szske\",\"image\":{\"@type\":\"ImageObject\",\"inLanguage\":\"sk-SK\",\"@id\":\"https:\/\/moyzeska.sk\/#\/schema\/person\/image\/\",\"url\":\"https:\/\/secure.gravatar.com\/avatar\/a61f327c6a81f0db6f0a9b218fd0495c?s=96&d=mm&r=g\",\"contentUrl\":\"https:\/\/secure.gravatar.com\/avatar\/a61f327c6a81f0db6f0a9b218fd0495c?s=96&d=mm&r=g\",\"caption\":\"szske\"},\"sameAs\":[\"http:\/\/moyzeska.sk\"],\"url\":\"https:\/\/moyzeska.sk\/index.php\/author\/szske\/\"}]}<\/script>\n<!-- \/ Yoast SEO plugin. -->","yoast_head_json":{"title":"XV. region\u00e1lny odborn\u00fd de\u0148 medic\u00ednsko-technick\u00fdch pracovn\u00edkov - Stredn\u00e1 zdravotn\u00edcka \u0161kola, Moyzesova 17, Ko\u0161ice","robots":{"index":"index","follow":"follow","max-snippet":"max-snippet:-1","max-image-preview":"max-image-preview:large","max-video-preview":"max-video-preview:-1"},"canonical":"https:\/\/moyzeska.sk\/index.php\/2024\/06\/14\/xv-regionalny-odborny-den-medicinsko-technickych-pracovnikov\/","og_locale":"sk_SK","og_type":"article","og_title":"XV. region\u00e1lny odborn\u00fd de\u0148 medic\u00ednsko-technick\u00fdch pracovn\u00edkov - Stredn\u00e1 zdravotn\u00edcka \u0161kola, Moyzesova 17, Ko\u0161ice","og_description":"D\u0148a 21.5.2024 sa \u017eiaci tret\u00edch ro\u010dn\u00edkov z\u00fa\u010dastnili na XV. region\u00e1lnom odbornom dni medic\u00ednsko-technick\u00fdch pracovn\u00edkov v Ko\u0161iciach. Je to celodenn\u00fd semin\u00e1r pre zdravotn\u00edckych pracovn\u00edkov SK MTP, ktor\u00fd organizuje Region\u00e1lna komora MTP Ko\u0161ice ka\u017edoro\u010dne. Na tomto odbornom dni Kristi\u00e1n B\u00e1tor za odbor zdravotn\u00edcky laborant, Michaela Nagyov\u00e1 za odbor farmaceutick\u00fd laborant, Veronika Pavelov\u00e1 a Laura Jakabov\u00e1 za odbor &hellip;Zobrazi\u0165","og_url":"https:\/\/moyzeska.sk\/index.php\/2024\/06\/14\/xv-regionalny-odborny-den-medicinsko-technickych-pracovnikov\/","og_site_name":"Stredn\u00e1 zdravotn\u00edcka \u0161kola, Moyzesova 17, Ko\u0161ice","article_publisher":"https:\/\/www.facebook.com\/Moyzeska","article_published_time":"2024-06-14T06:06:13+00:00","article_modified_time":"2024-06-14T06:06:15+00:00","author":"szske","twitter_card":"summary_large_image","twitter_misc":{"Autor":"szske","Predpokladan\u00fd \u010das \u010d\u00edtania":"1 min\u00fata"},"schema":{"@context":"https:\/\/schema.org","@graph":[{"@type":"Article","@id":"https:\/\/moyzeska.sk\/index.php\/2024\/06\/14\/xv-regionalny-odborny-den-medicinsko-technickych-pracovnikov\/#article","isPartOf":{"@id":"https:\/\/moyzeska.sk\/index.php\/2024\/06\/14\/xv-regionalny-odborny-den-medicinsko-technickych-pracovnikov\/"},"author":{"name":"szske","@id":"https:\/\/moyzeska.sk\/#\/schema\/person\/ccacd20eb0ebd5802c810abfe2658b27"},"headline":"XV. region\u00e1lny odborn\u00fd de\u0148 medic\u00ednsko-technick\u00fdch pracovn\u00edkov","datePublished":"2024-06-14T06:06:13+00:00","dateModified":"2024-06-14T06:06:15+00:00","mainEntityOfPage":{"@id":"https:\/\/moyzeska.sk\/index.php\/2024\/06\/14\/xv-regionalny-odborny-den-medicinsko-technickych-pracovnikov\/"},"wordCount":170,"publisher":{"@id":"https:\/\/moyzeska.sk\/#organization"},"inLanguage":"sk-SK"},{"@type":"WebPage","@id":"https:\/\/moyzeska.sk\/index.php\/2024\/06\/14\/xv-regionalny-odborny-den-medicinsko-technickych-pracovnikov\/","url":"https:\/\/moyzeska.sk\/index.php\/2024\/06\/14\/xv-regionalny-odborny-den-medicinsko-technickych-pracovnikov\/","name":"XV. region\u00e1lny odborn\u00fd de\u0148 medic\u00ednsko-technick\u00fdch pracovn\u00edkov - Stredn\u00e1 zdravotn\u00edcka \u0161kola, Moyzesova 17, Ko\u0161ice","isPartOf":{"@id":"https:\/\/moyzeska.sk\/#website"},"datePublished":"2024-06-14T06:06:13+00:00","dateModified":"2024-06-14T06:06:15+00:00","breadcrumb":{"@id":"https:\/\/moyzeska.sk\/index.php\/2024\/06\/14\/xv-regionalny-odborny-den-medicinsko-technickych-pracovnikov\/#breadcrumb"},"inLanguage":"sk-SK","potentialAction":[{"@type":"ReadAction","target":["https:\/\/moyzeska.sk\/index.php\/2024\/06\/14\/xv-regionalny-odborny-den-medicinsko-technickych-pracovnikov\/"]}]},{"@type":"BreadcrumbList","@id":"https:\/\/moyzeska.sk\/index.php\/2024\/06\/14\/xv-regionalny-odborny-den-medicinsko-technickych-pracovnikov\/#breadcrumb","itemListElement":[{"@type":"ListItem","position":1,"name":"Home","item":"https:\/\/moyzeska.sk\/"},{"@type":"ListItem","position":2,"name":"XV. region\u00e1lny odborn\u00fd de\u0148 medic\u00ednsko-technick\u00fdch pracovn\u00edkov"}]},{"@type":"WebSite","@id":"https:\/\/moyzeska.sk\/#website","url":"https:\/\/moyzeska.sk\/","name":"Stredn\u00e1 zdravotn\u00edcka \u0161kola, Moyzesova 17, Ko\u0161ice","description":"","publisher":{"@id":"https:\/\/moyzeska.sk\/#organization"},"potentialAction":[{"@type":"SearchAction","target":{"@type":"EntryPoint","urlTemplate":"https:\/\/moyzeska.sk\/?s={search_term_string}"},"query-input":"required name=search_term_string"}],"inLanguage":"sk-SK"},{"@type":"Organization","@id":"https:\/\/moyzeska.sk\/#organization","name":"Stredn\u00e1 zdravotn\u00edcka \u0161kola, Moyzesova 17, Ko\u0161ice","url":"https:\/\/moyzeska.sk\/","logo":{"@type":"ImageObject","inLanguage":"sk-SK","@id":"https:\/\/moyzeska.sk\/#\/schema\/logo\/image\/","url":"https:\/\/moyzeska.sk\/wp-content\/uploads\/2020\/09\/SZS-logo.png","contentUrl":"https:\/\/moyzeska.sk\/wp-content\/uploads\/2020\/09\/SZS-logo.png","width":300,"height":300,"caption":"Stredn\u00e1 zdravotn\u00edcka \u0161kola, Moyzesova 17, Ko\u0161ice"},"image":{"@id":"https:\/\/moyzeska.sk\/#\/schema\/logo\/image\/"},"sameAs":["https:\/\/www.facebook.com\/Moyzeska","https:\/\/www.instagram.com\/moyzeska\/"]},{"@type":"Person","@id":"https:\/\/moyzeska.sk\/#\/schema\/person\/ccacd20eb0ebd5802c810abfe2658b27","name":"szske","image":{"@type":"ImageObject","inLanguage":"sk-SK","@id":"https:\/\/moyzeska.sk\/#\/schema\/person\/image\/","url":"https:\/\/secure.gravatar.com\/avatar\/a61f327c6a81f0db6f0a9b218fd0495c?s=96&d=mm&r=g","contentUrl":"https:\/\/secure.gravatar.com\/avatar\/a61f327c6a81f0db6f0a9b218fd0495c?s=96&d=mm&r=g","caption":"szske"},"sameAs":["http:\/\/moyzeska.sk"],"url":"https:\/\/moyzeska.sk\/index.php\/author\/szske\/"}]}},"_links":{"self":[{"href":"https:\/\/moyzeska.sk\/index.php\/wp-json\/wp\/v2\/posts\/6031"}],"collection":[{"href":"https:\/\/moyzeska.sk\/index.php\/wp-json\/wp\/v2\/posts"}],"about":[{"href":"https:\/\/moyzeska.sk\/index.php\/wp-json\/wp\/v2\/types\/post"}],"author":[{"embeddable":true,"href":"https:\/\/moyzeska.sk\/index.php\/wp-json\/wp\/v2\/users\/1"}],"replies":[{"embeddable":true,"href":"https:\/\/moyzeska.sk\/index.php\/wp-json\/wp\/v2\/comments?post=6031"}],"version-history":[{"count":1,"href":"https:\/\/moyzeska.sk\/index.php\/wp-json\/wp\/v2\/posts\/6031\/revisions"}],"predecessor-version":[{"id":6032,"href":"https:\/\/moyzeska.sk\/index.php\/wp-json\/wp\/v2\/posts\/6031\/revisions\/6032"}],"wp:attachment":[{"href":"https:\/\/moyzeska.sk\/index.php\/wp-json\/wp\/v2\/media?parent=6031"}],"wp:term":[{"taxonomy":"category","embeddable":true,"href":"https:\/\/moyzeska.sk\/index.php\/wp-json\/wp\/v2\/categories?post=6031"},{"taxonomy":"post_tag","embeddable":true,"href":"https:\/\/moyzeska.sk\/index.php\/wp-json\/wp\/v2\/tags?post=6031"}],"curies":[{"name":"wp","href":"https:\/\/api.w.org\/{rel}","templated":true}]}}