{"id":5594,"date":"2024-04-03T07:31:45","date_gmt":"2024-04-03T05:31:45","guid":{"rendered":"https:\/\/moyzeska.sk\/?p=5594"},"modified":"2024-04-03T07:31:47","modified_gmt":"2024-04-03T05:31:47","slug":"moralne-ocenenie-pedagogickeho-zamestnanca-ksk-pri-prilezitosti-dna-ucitelov","status":"publish","type":"post","link":"https:\/\/moyzeska.sk\/index.php\/2024\/04\/03\/moralne-ocenenie-pedagogickeho-zamestnanca-ksk-pri-prilezitosti-dna-ucitelov\/","title":{"rendered":"Mor\u00e1lne ocenenie pedagogick\u00e9ho zamestnanca KSK pri pr\u00edle\u017eitosti D\u0148a u\u010dite\u013eov"},"content":{"rendered":"\n<p>28. marec na Slovensku patr\u00ed D\u0148u u\u010dite\u013eov. Pedagogick\u00ed pracovn\u00edci maj\u00fa svoj sviatok 28. marca, teda v de\u0148, ke\u010f sa v roku 1592 narodil &#8222;u\u010dite\u013e n\u00e1rodov&#8220; J\u00e1n Amos Komensk\u00fd, pokrokov\u00fd \u010desk\u00fd myslite\u013e a tvorca modernej pedagogiky.<\/p>\n\n\n\n<p>&nbsp;&nbsp;&nbsp;&nbsp;&nbsp;&nbsp;&nbsp;&nbsp;&nbsp;&nbsp;&nbsp; Pri tejto pr\u00edle\u017eitosti KSK 27.3. 2024 ocenil in\u0161pirat\u00edvnych u\u010dite\u013eov v&nbsp;kr\u00e1snych priestoroch V\u00fdchodoslovensk\u00e9ho m\u00fazea v&nbsp;Ko\u0161iciach. Za na\u0161u \u0161kolu bola mor\u00e1lne ocenen\u00e1 <strong>PhDr. Viera Rusinkov\u00e1,<\/strong> ktorej vyslovujem \u00faprimn\u00e9 po\u010fakovanie za jej obetav\u00fa a&nbsp;zodpovedn\u00fa pr\u00e1cu.<\/p>\n\n\n\n<p>S PhDr. Vierou Rusinkovou je sp\u00e4t\u00e9 viac ako \u0161tvr\u0165storo\u010die jej p\u00f4sobenia na SZ\u0160 Moyzesova 17 v Ko\u0161iciach. V roku 2001 sa stala z\u00e1stupky\u0148ou riadite\u013ea \u0161koly a v roku 2010 bola menovan\u00e1 do funkcie riadite\u013eky \u0161koly. Po\u010das jej p\u00f4sobenia v \u0161kole sa v roku 2016 zasl\u00fa\u017eila o aktivovanie \u0161tudijn\u00e9ho zdravotn\u00edckeho odboru o\u010dn\u00fd optik a zubn\u00fd asistent. A&nbsp;to z\u010faleka nie je v\u0161etko. Ako prv\u00e1, vizion\u00e1rsky na Slovensku, zabezpe\u010dila s\u00favisl\u00fa odborn\u00fa prax \u017eiakov odboru asistent v\u00fd\u017eivy na z\u00e1kladn\u00fdch \u0161kol\u00e1ch a v matersk\u00fdch \u0161k\u00f4lkach v s\u00falade so z\u00e1merom MZ SR &#8211; zdrav\u00e1 v\u00fd\u017eiva na \u0161kol\u00e1ch. V\u00fdrazne roz\u0161\u00edrila spolupr\u00e1cu s firmami &#8211; bud\u00facimi zamestn\u00e1vate\u013emi \u017eiakov SZ\u0160. Zabezpe\u010dila vysok\u00fa odbornos\u0165 vzdel\u00e1vania \u0161tudentov optometrie. Po\u010das jej p\u00f4sobenia vo funkcii riadite\u013eky boli priestory \u0161koly renovovan\u00e9 a vybaven\u00e9 modernou didaktickou technikou.<\/p>\n\n\n\n<p>V\u017edy sa sna\u017eila o rozvoj \u017eiakov v r\u00f4znych oblastiach. Ve\u013ek\u00fa pozornos\u0165 venovala zapojeniu \u0161koly do r\u00f4znych s\u00fa\u0165a\u017e\u00ed, \u010di u\u017e jazykov\u00fdch, spolo\u010densk\u00fdch, pr\u00edrodovedn\u00fdch alebo aj \u0161portov\u00fdch. Vynikaj\u00face v\u00fdsledky dosahovali \u0161tudenti nielen v celoslovensk\u00fdch kol\u00e1ch, ale aj na medzin\u00e1rodnej \u00farovni. \u0160kola bola po\u010das jej p\u00f4sobenia usporiadate\u013eom okresn\u00e9ho a krajsk\u00e9ho kola v \u0161achu S\u0160. V roku 2010 sa uskuto\u010dnil 0.ro\u010dn\u00edk \u0161kolsk\u00e9ho plesu, t\u00e1to trad\u00edcia pokra\u010duje a\u017e dodnes.<\/p>\n\n\n\n<p>Ako riadite\u013eka Strednej zdravotn\u00edckej \u0161koly s poslan\u00edm pom\u00e1ha\u0165 \u013eu\u010fom, PhDr. Viera Rusinkov\u00e1 podporovala mno\u017estvo humanit\u00e1rnych a charitat\u00edvnych aktiv\u00edt.<\/p>\n\n\n\n<p>Podporou vyu\u010dovania cudz\u00edch jazykov sa sna\u017eila \u0161tudentom otvori\u0165 br\u00e1ny do sveta, rovnako aj zap\u00e1jan\u00edm \u0161koly do viacer\u00fdch medzin\u00e1rodn\u00fdch projektov &#8211; programov Comenius, Sokrates, \u010di v posledn\u00fdch rokoch Erasmus+. Ve\u013ek\u00fdm pr\u00ednosom pre \u0161kolu bolo pod jej veden\u00edm z\u00edskanie finan\u010dnej podpory z prostriedkov Eur\u00f3pskej \u00fanie v r\u00e1mci Opera\u010dn\u00e9ho programu &#8211; vzdel\u00e1vanie, premena tradi\u010dnej \u0161koly na modern\u00fa. Strategick\u00fdm cie\u013eom projektu Viac vedie\u0165 + viac pozna\u0165 = lep\u0161ie pom\u00e1ha\u0165, ktor\u00fd sa na \u0161kole realizoval v rokoch 2014 a 2015, bolo skvalitnenie pr\u00edpravy \u017eiakov medic\u00ednsko-technick\u00fdch odborov Strednej zdravotn\u00edckej \u0161koly a zv\u00fd\u0161enie ich konkurencieschopnosti vo vedomostnej spolo\u010dnosti kraj\u00edn Eur\u00f3pskej \u00fanie.<\/p>\n\n\n\n<p>Zrkadlom \u00faspe\u0161n\u00e9ho riadenia \u0161koly PhDr. Vierou Rusinkovou, bolo aj hodnotenie \u0161koly v r\u00e1mci rebr\u00ed\u010dka INEKO, pod\u013ea ktor\u00e9ho SZ\u0160, Moyzesova 17 z\u00edskala v roku 2015 vysok\u00e9 bodov\u00e9 hodnotenie \u2013 7,9 a bola hodnoten\u00e1 ako siedma najlep\u0161ia \u0161kola na Slovensku a druh\u00e1 v Ko\u0161ickom kraji. T\u00fato poz\u00edciu v kraji si udr\u017eala aj nieko\u013eko nasleduj\u00facich rokov. V \u0161kolskom roku 2017\/18 sa umiestnila v r\u00e1mci kraja na 1. mieste hodnotenia INEKO.<\/p>\n\n\n\n<p>Medic\u00ednsko \u2013 technick\u00e9 zameranie \u0161koly a prepojenie \u0161koly s vedou sa sna\u017eila PhDr. Viera Rusinkov\u00e1 rozv\u00edja\u0165 aj zap\u00e1jan\u00edm \u0161koly do aktiv\u00edt T\u00fd\u017ed\u0148a vedy a techniky na Slovensku, ako Noc V\u00fdskumn\u00edkov \u010di Dni laborat\u00f3rnych technol\u00f3gi\u00ed pod n\u00e1zvom DILATECH, ktor\u00e9 umo\u017e\u0148uj\u00fa \u017eiakom z\u00e1kladn\u00fdch a stredn\u00fdch \u0161k\u00f4l ka\u017edoro\u010dne od roku 2012 absolvova\u0165 na Strednej zdravotn\u00edckej \u0161kole prenesen\u00e9 hodiny ch\u00e9mie, fyziky, biol\u00f3gie.<\/p>\n\n\n\n<p>Toto ocenenie si zasl\u00fa\u017ei aj za jej \u013eudsk\u00fd a empatick\u00fd pr\u00edstup k zamestnancom \u0161koly. Bola hrd\u00e1 na pr\u00e1cu svojich u\u010dite\u013eov, ktor\u00fdch kreativitu podporovala a d\u00e1vala im priestor pre realiz\u00e1ciu ich n\u00e1padov.<\/p>\n\n\n\n<p>Touto nomin\u00e1ciou sa chceme PhDr. Viere Rusinkovej po\u010fakova\u0165 za dlhoro\u010dn\u00fd pr\u00ednos k rozvoju Strednej zdravotn\u00edckej \u0161koly, Moyzesova 17 v Ko\u0161iciach, podpore inov\u00e1ci\u00ed, mimo\u0161kolsk\u00fdch aktiv\u00edt, za dlhoro\u010dn\u00e9 profesion\u00e1lne a z\u00e1rove\u0148 \u013eudsk\u00e9 vedenie \u0161koly, za anga\u017eovan\u00fa efekt\u00edvnu propag\u00e1ciu \u0161koly na verejnosti a dlhoro\u010dn\u00fa svedomit\u00fa pedagogick\u00fa \u010dinnos\u0165.<\/p>\n\n\n\n<p>PhDr. Karol\u00edna Vranaiov\u00e1, PhD. MBA<\/p>\n\n\n\n<p>riadite\u013eka \u0161koly<\/p>\n\n\n\n<div class=\"wp-block-envira-envira-gallery\"><div id=\"envira-gallery-wrap-5590\" class=\"envira-gallery-wrap envira-gallery-theme-base envira-lightbox-theme-base\" itemscope itemtype=\"https:\/\/schema.org\/ImageGallery\"><div data-row-height=\"150\" data-gallery-theme=\"normal\" id=\"envira-gallery-5590\" class=\"envira-gallery-public envira-gallery-justified-public envira-gallery-0-columns envira-clear enviratope envira-gallery-css-animations\" data-envira-columns=\"0\"><div id=\"envira-gallery-item-5597\" class=\"envira-gallery-item enviratope-item envira-gallery-item-1 envira-lazy-load\" style=\"padding-left: 1px; padding-bottom: 1px; padding-right: 1px;\"  itemscope itemtype=\"https:\/\/schema.org\/ImageObject\"><div class=\"envira-gallery-item-inner\"><div class=\"envira-gallery-position-overlay  envira-gallery-top-left\"><\/div><div class=\"envira-gallery-position-overlay  envira-gallery-top-right\"><\/div><div class=\"envira-gallery-position-overlay  envira-gallery-bottom-left\"><\/div><div class=\"envira-gallery-position-overlay  envira-gallery-bottom-right\"><\/div><a href=\"https:\/\/moyzeska.sk\/wp-content\/uploads\/2024\/04\/thumbnail_IMG_0623.jpg\" class=\"envira-gallery-5590 envira-gallery-link\" rel=\"enviragallery5590\" title=\"IMG-01\" data-envira-caption=\"IMG-01\" data-envira-retina=\"\" data-thumbnail=\"\"  itemprop=\"contentUrl\"><img id=\"envira-gallery-image-5597\" class=\"envira-gallery-image envira-gallery-image-1 envira-normal envira-lazy\" data-envira-index=\"1\" src=\"https:\/\/moyzeska.sk\/wp-content\/uploads\/2024\/04\/thumbnail_IMG_0623-768x1024-640x480.jpg\" data-envira-src=\"https:\/\/moyzeska.sk\/wp-content\/uploads\/2024\/04\/thumbnail_IMG_0623-768x1024-640x480.jpg\" data-envira-gallery-id=\"5590\" data-envira-item-id=\"5597\" data-envira-caption=\"IMG-01\" alt=\"\" title=\"IMG-01\"  itemprop=\"thumbnailUrl\" data-envira-srcset=\"https:\/\/moyzeska.sk\/wp-content\/uploads\/2024\/04\/thumbnail_IMG_0623-768x1024-640x480.jpg 400w,https:\/\/moyzeska.sk\/wp-content\/uploads\/2024\/04\/thumbnail_IMG_0623-768x1024-640x480.jpg 2x\" data-envira-width=\"225\" data-envira-height=\"300\" srcset=\"data:image\/gif;base64,R0lGODlhAQABAIAAAP\/\/\/\/\/\/\/yH5BAEKAAEALAAAAAABAAEAAAICTAEAOw==\" data-safe-src=\"data:image\/gif;base64,R0lGODlhAQABAIAAAP\/\/\/\/\/\/\/yH5BAEKAAEALAAAAAABAAEAAAICTAEAOw==\" \/><\/a><\/div><\/div><div id=\"envira-gallery-item-5591\" class=\"envira-gallery-item enviratope-item envira-gallery-item-2 envira-lazy-load\" style=\"padding-left: 1px; padding-bottom: 1px; padding-right: 1px;\"  itemscope itemtype=\"https:\/\/schema.org\/ImageObject\"><div class=\"envira-gallery-item-inner\"><div class=\"envira-gallery-position-overlay  envira-gallery-top-left\"><\/div><div class=\"envira-gallery-position-overlay  envira-gallery-top-right\"><\/div><div class=\"envira-gallery-position-overlay  envira-gallery-bottom-left\"><\/div><div class=\"envira-gallery-position-overlay  envira-gallery-bottom-right\"><\/div><a href=\"https:\/\/moyzeska.sk\/wp-content\/uploads\/2024\/04\/IMG_0629-scaled.jpg\" class=\"envira-gallery-5590 envira-gallery-link\" rel=\"enviragallery5590\" title=\"IMG-02\" data-envira-caption=\"IMG-02\" data-envira-retina=\"\" data-thumbnail=\"\"  itemprop=\"contentUrl\"><img id=\"envira-gallery-image-5591\" class=\"envira-gallery-image envira-gallery-image-2 envira-normal envira-lazy\" data-envira-index=\"2\" src=\"https:\/\/moyzeska.sk\/wp-content\/uploads\/2024\/04\/IMG_0629-768x1024-640x480.jpg\" data-envira-src=\"https:\/\/moyzeska.sk\/wp-content\/uploads\/2024\/04\/IMG_0629-768x1024-640x480.jpg\" data-envira-gallery-id=\"5590\" data-envira-item-id=\"5591\" data-envira-caption=\"IMG-02\" alt=\"\" title=\"IMG-02\"  itemprop=\"thumbnailUrl\" data-envira-srcset=\"https:\/\/moyzeska.sk\/wp-content\/uploads\/2024\/04\/IMG_0629-768x1024-640x480.jpg 400w,https:\/\/moyzeska.sk\/wp-content\/uploads\/2024\/04\/IMG_0629-768x1024-640x480.jpg 2x\" data-envira-width=\"225\" data-envira-height=\"300\" srcset=\"data:image\/gif;base64,R0lGODlhAQABAIAAAP\/\/\/\/\/\/\/yH5BAEKAAEALAAAAAABAAEAAAICTAEAOw==\" data-safe-src=\"data:image\/gif;base64,R0lGODlhAQABAIAAAP\/\/\/\/\/\/\/yH5BAEKAAEALAAAAAABAAEAAAICTAEAOw==\" \/><\/a><\/div><\/div><div id=\"envira-gallery-item-5593\" class=\"envira-gallery-item enviratope-item envira-gallery-item-3 envira-lazy-load\" style=\"padding-left: 1px; padding-bottom: 1px; padding-right: 1px;\"  itemscope itemtype=\"https:\/\/schema.org\/ImageObject\"><div class=\"envira-gallery-item-inner\"><div class=\"envira-gallery-position-overlay  envira-gallery-top-left\"><\/div><div class=\"envira-gallery-position-overlay  envira-gallery-top-right\"><\/div><div class=\"envira-gallery-position-overlay  envira-gallery-bottom-left\"><\/div><div class=\"envira-gallery-position-overlay  envira-gallery-bottom-right\"><\/div><a href=\"https:\/\/moyzeska.sk\/wp-content\/uploads\/2024\/04\/DSC01418-scaled.jpg\" class=\"envira-gallery-5590 envira-gallery-link\" rel=\"enviragallery5590\" title=\"IMG-03\" data-envira-caption=\"IMG-03\" data-envira-retina=\"\" data-thumbnail=\"\"  itemprop=\"contentUrl\"><img id=\"envira-gallery-image-5593\" class=\"envira-gallery-image envira-gallery-image-3 envira-normal envira-lazy\" data-envira-index=\"3\" src=\"https:\/\/moyzeska.sk\/wp-content\/uploads\/2024\/04\/DSC01418-1024x683-640x480.jpg\" data-envira-src=\"https:\/\/moyzeska.sk\/wp-content\/uploads\/2024\/04\/DSC01418-1024x683-640x480.jpg\" data-envira-gallery-id=\"5590\" data-envira-item-id=\"5593\" data-envira-caption=\"IMG-03\" alt=\"\" title=\"IMG-03\"  itemprop=\"thumbnailUrl\" data-envira-srcset=\"https:\/\/moyzeska.sk\/wp-content\/uploads\/2024\/04\/DSC01418-1024x683-640x480.jpg 400w,https:\/\/moyzeska.sk\/wp-content\/uploads\/2024\/04\/DSC01418-1024x683-640x480.jpg 2x\" data-envira-width=\"300\" data-envira-height=\"200\" srcset=\"data:image\/gif;base64,R0lGODlhAQABAIAAAP\/\/\/\/\/\/\/yH5BAEKAAEALAAAAAABAAEAAAICTAEAOw==\" data-safe-src=\"data:image\/gif;base64,R0lGODlhAQABAIAAAP\/\/\/\/\/\/\/yH5BAEKAAEALAAAAAABAAEAAAICTAEAOw==\" \/><\/a><\/div><\/div><div id=\"envira-gallery-item-5592\" class=\"envira-gallery-item enviratope-item envira-gallery-item-4 envira-lazy-load\" style=\"padding-left: 1px; padding-bottom: 1px; padding-right: 1px;\"  itemscope itemtype=\"https:\/\/schema.org\/ImageObject\"><div class=\"envira-gallery-item-inner\"><div class=\"envira-gallery-position-overlay  envira-gallery-top-left\"><\/div><div class=\"envira-gallery-position-overlay  envira-gallery-top-right\"><\/div><div class=\"envira-gallery-position-overlay  envira-gallery-bottom-left\"><\/div><div class=\"envira-gallery-position-overlay  envira-gallery-bottom-right\"><\/div><a href=\"https:\/\/moyzeska.sk\/wp-content\/uploads\/2024\/04\/DSC01425-scaled.jpg\" class=\"envira-gallery-5590 envira-gallery-link\" rel=\"enviragallery5590\" title=\"IMG-04\" data-envira-caption=\"IMG-04\" data-envira-retina=\"\" data-thumbnail=\"\"  itemprop=\"contentUrl\"><img id=\"envira-gallery-image-5592\" class=\"envira-gallery-image envira-gallery-image-4 envira-normal envira-lazy\" data-envira-index=\"4\" src=\"https:\/\/moyzeska.sk\/wp-content\/uploads\/2024\/04\/DSC01425-1024x683-640x480.jpg\" data-envira-src=\"https:\/\/moyzeska.sk\/wp-content\/uploads\/2024\/04\/DSC01425-1024x683-640x480.jpg\" data-envira-gallery-id=\"5590\" data-envira-item-id=\"5592\" data-envira-caption=\"IMG-04\" alt=\"\" title=\"IMG-04\"  itemprop=\"thumbnailUrl\" data-envira-srcset=\"https:\/\/moyzeska.sk\/wp-content\/uploads\/2024\/04\/DSC01425-1024x683-640x480.jpg 400w,https:\/\/moyzeska.sk\/wp-content\/uploads\/2024\/04\/DSC01425-1024x683-640x480.jpg 2x\" data-envira-width=\"300\" data-envira-height=\"200\" srcset=\"data:image\/gif;base64,R0lGODlhAQABAIAAAP\/\/\/\/\/\/\/yH5BAEKAAEALAAAAAABAAEAAAICTAEAOw==\" data-safe-src=\"data:image\/gif;base64,R0lGODlhAQABAIAAAP\/\/\/\/\/\/\/yH5BAEKAAEALAAAAAABAAEAAAICTAEAOw==\" \/><\/a><\/div><\/div><\/div><\/div><noscript><img src=\"https:\/\/moyzeska.sk\/wp-content\/uploads\/2024\/04\/thumbnail_IMG_0623.jpg\" alt=\"\" \/><img src=\"https:\/\/moyzeska.sk\/wp-content\/uploads\/2024\/04\/IMG_0629-scaled.jpg\" alt=\"\" \/><img src=\"https:\/\/moyzeska.sk\/wp-content\/uploads\/2024\/04\/DSC01418-scaled.jpg\" alt=\"\" \/><img src=\"https:\/\/moyzeska.sk\/wp-content\/uploads\/2024\/04\/DSC01425-scaled.jpg\" alt=\"\" \/><\/noscript><\/div>\n","protected":false},"excerpt":{"rendered":"<p>28. marec na Slovensku patr\u00ed D\u0148u u\u010dite\u013eov. Pedagogick\u00ed pracovn\u00edci maj\u00fa svoj sviatok 28. marca, teda v de\u0148, ke\u010f sa v roku 1592 narodil &#8222;u\u010dite\u013e n\u00e1rodov&#8220; J\u00e1n Amos Komensk\u00fd, pokrokov\u00fd \u010desk\u00fd myslite\u013e a tvorca modernej pedagogiky. &nbsp;&nbsp;&nbsp;&nbsp;&nbsp;&nbsp;&nbsp;&nbsp;&nbsp;&nbsp;&nbsp; Pri tejto pr\u00edle\u017eitosti KSK 27.3. 2024 ocenil in\u0161pirat\u00edvnych u\u010dite\u013eov v&nbsp;kr\u00e1snych priestoroch V\u00fdchodoslovensk\u00e9ho m\u00fazea v&nbsp;Ko\u0161iciach. Za na\u0161u \u0161kolu bola mor\u00e1lne &hellip;<br \/><a href=\"https:\/\/moyzeska.sk\/index.php\/2024\/04\/03\/moralne-ocenenie-pedagogickeho-zamestnanca-ksk-pri-prilezitosti-dna-ucitelov\/\" class=\"more-link pen_button pen_element_default pen_icon_arrow_double\">Zobrazi\u0165<\/a><\/p>\n","protected":false},"author":1,"featured_media":0,"comment_status":"closed","ping_status":"closed","sticky":false,"template":"","format":"standard","meta":{"_monsterinsights_skip_tracking":false,"_monsterinsights_sitenote_active":false,"_monsterinsights_sitenote_note":"","_monsterinsights_sitenote_category":0},"categories":[1],"tags":[],"yoast_head":"<!-- This site is optimized with the Yoast SEO plugin v21.8.1 - https:\/\/yoast.com\/wordpress\/plugins\/seo\/ -->\n<title>Mor\u00e1lne ocenenie pedagogick\u00e9ho zamestnanca KSK pri pr\u00edle\u017eitosti D\u0148a u\u010dite\u013eov - Stredn\u00e1 zdravotn\u00edcka \u0161kola, Moyzesova 17, Ko\u0161ice<\/title>\n<meta name=\"robots\" content=\"index, follow, max-snippet:-1, max-image-preview:large, max-video-preview:-1\" \/>\n<link rel=\"canonical\" href=\"https:\/\/moyzeska.sk\/index.php\/2024\/04\/03\/moralne-ocenenie-pedagogickeho-zamestnanca-ksk-pri-prilezitosti-dna-ucitelov\/\" \/>\n<meta property=\"og:locale\" content=\"sk_SK\" \/>\n<meta property=\"og:type\" content=\"article\" \/>\n<meta property=\"og:title\" content=\"Mor\u00e1lne ocenenie pedagogick\u00e9ho zamestnanca KSK pri pr\u00edle\u017eitosti D\u0148a u\u010dite\u013eov - Stredn\u00e1 zdravotn\u00edcka \u0161kola, Moyzesova 17, Ko\u0161ice\" \/>\n<meta property=\"og:description\" content=\"28. marec na Slovensku patr\u00ed D\u0148u u\u010dite\u013eov. Pedagogick\u00ed pracovn\u00edci maj\u00fa svoj sviatok 28. marca, teda v de\u0148, ke\u010f sa v roku 1592 narodil &#8222;u\u010dite\u013e n\u00e1rodov&#8220; J\u00e1n Amos Komensk\u00fd, pokrokov\u00fd \u010desk\u00fd myslite\u013e a tvorca modernej pedagogiky. &nbsp;&nbsp;&nbsp;&nbsp;&nbsp;&nbsp;&nbsp;&nbsp;&nbsp;&nbsp;&nbsp; Pri tejto pr\u00edle\u017eitosti KSK 27.3. 2024 ocenil in\u0161pirat\u00edvnych u\u010dite\u013eov v&nbsp;kr\u00e1snych priestoroch V\u00fdchodoslovensk\u00e9ho m\u00fazea v&nbsp;Ko\u0161iciach. Za na\u0161u \u0161kolu bola mor\u00e1lne &hellip;Zobrazi\u0165\" \/>\n<meta property=\"og:url\" content=\"https:\/\/moyzeska.sk\/index.php\/2024\/04\/03\/moralne-ocenenie-pedagogickeho-zamestnanca-ksk-pri-prilezitosti-dna-ucitelov\/\" \/>\n<meta property=\"og:site_name\" content=\"Stredn\u00e1 zdravotn\u00edcka \u0161kola, Moyzesova 17, Ko\u0161ice\" \/>\n<meta property=\"article:publisher\" content=\"https:\/\/www.facebook.com\/Moyzeska\" \/>\n<meta property=\"article:published_time\" content=\"2024-04-03T05:31:45+00:00\" \/>\n<meta property=\"article:modified_time\" content=\"2024-04-03T05:31:47+00:00\" \/>\n<meta name=\"author\" content=\"szske\" \/>\n<meta name=\"twitter:card\" content=\"summary_large_image\" \/>\n<meta name=\"twitter:label1\" content=\"Autor\" \/>\n\t<meta name=\"twitter:data1\" content=\"szske\" \/>\n\t<meta name=\"twitter:label2\" content=\"Predpokladan\u00fd \u010das \u010d\u00edtania\" \/>\n\t<meta name=\"twitter:data2\" content=\"4 min\u00faty\" \/>\n<script type=\"application\/ld+json\" class=\"yoast-schema-graph\">{\"@context\":\"https:\/\/schema.org\",\"@graph\":[{\"@type\":\"Article\",\"@id\":\"https:\/\/moyzeska.sk\/index.php\/2024\/04\/03\/moralne-ocenenie-pedagogickeho-zamestnanca-ksk-pri-prilezitosti-dna-ucitelov\/#article\",\"isPartOf\":{\"@id\":\"https:\/\/moyzeska.sk\/index.php\/2024\/04\/03\/moralne-ocenenie-pedagogickeho-zamestnanca-ksk-pri-prilezitosti-dna-ucitelov\/\"},\"author\":{\"name\":\"szske\",\"@id\":\"https:\/\/moyzeska.sk\/#\/schema\/person\/ccacd20eb0ebd5802c810abfe2658b27\"},\"headline\":\"Mor\u00e1lne ocenenie pedagogick\u00e9ho zamestnanca KSK pri pr\u00edle\u017eitosti D\u0148a u\u010dite\u013eov\",\"datePublished\":\"2024-04-03T05:31:45+00:00\",\"dateModified\":\"2024-04-03T05:31:47+00:00\",\"mainEntityOfPage\":{\"@id\":\"https:\/\/moyzeska.sk\/index.php\/2024\/04\/03\/moralne-ocenenie-pedagogickeho-zamestnanca-ksk-pri-prilezitosti-dna-ucitelov\/\"},\"wordCount\":789,\"publisher\":{\"@id\":\"https:\/\/moyzeska.sk\/#organization\"},\"inLanguage\":\"sk-SK\"},{\"@type\":\"WebPage\",\"@id\":\"https:\/\/moyzeska.sk\/index.php\/2024\/04\/03\/moralne-ocenenie-pedagogickeho-zamestnanca-ksk-pri-prilezitosti-dna-ucitelov\/\",\"url\":\"https:\/\/moyzeska.sk\/index.php\/2024\/04\/03\/moralne-ocenenie-pedagogickeho-zamestnanca-ksk-pri-prilezitosti-dna-ucitelov\/\",\"name\":\"Mor\u00e1lne ocenenie pedagogick\u00e9ho zamestnanca KSK pri pr\u00edle\u017eitosti D\u0148a u\u010dite\u013eov - Stredn\u00e1 zdravotn\u00edcka \u0161kola, Moyzesova 17, Ko\u0161ice\",\"isPartOf\":{\"@id\":\"https:\/\/moyzeska.sk\/#website\"},\"datePublished\":\"2024-04-03T05:31:45+00:00\",\"dateModified\":\"2024-04-03T05:31:47+00:00\",\"breadcrumb\":{\"@id\":\"https:\/\/moyzeska.sk\/index.php\/2024\/04\/03\/moralne-ocenenie-pedagogickeho-zamestnanca-ksk-pri-prilezitosti-dna-ucitelov\/#breadcrumb\"},\"inLanguage\":\"sk-SK\",\"potentialAction\":[{\"@type\":\"ReadAction\",\"target\":[\"https:\/\/moyzeska.sk\/index.php\/2024\/04\/03\/moralne-ocenenie-pedagogickeho-zamestnanca-ksk-pri-prilezitosti-dna-ucitelov\/\"]}]},{\"@type\":\"BreadcrumbList\",\"@id\":\"https:\/\/moyzeska.sk\/index.php\/2024\/04\/03\/moralne-ocenenie-pedagogickeho-zamestnanca-ksk-pri-prilezitosti-dna-ucitelov\/#breadcrumb\",\"itemListElement\":[{\"@type\":\"ListItem\",\"position\":1,\"name\":\"Home\",\"item\":\"https:\/\/moyzeska.sk\/\"},{\"@type\":\"ListItem\",\"position\":2,\"name\":\"Mor\u00e1lne ocenenie pedagogick\u00e9ho zamestnanca KSK pri pr\u00edle\u017eitosti D\u0148a u\u010dite\u013eov\"}]},{\"@type\":\"WebSite\",\"@id\":\"https:\/\/moyzeska.sk\/#website\",\"url\":\"https:\/\/moyzeska.sk\/\",\"name\":\"Stredn\u00e1 zdravotn\u00edcka \u0161kola, Moyzesova 17, Ko\u0161ice\",\"description\":\"\",\"publisher\":{\"@id\":\"https:\/\/moyzeska.sk\/#organization\"},\"potentialAction\":[{\"@type\":\"SearchAction\",\"target\":{\"@type\":\"EntryPoint\",\"urlTemplate\":\"https:\/\/moyzeska.sk\/?s={search_term_string}\"},\"query-input\":\"required name=search_term_string\"}],\"inLanguage\":\"sk-SK\"},{\"@type\":\"Organization\",\"@id\":\"https:\/\/moyzeska.sk\/#organization\",\"name\":\"Stredn\u00e1 zdravotn\u00edcka \u0161kola, Moyzesova 17, Ko\u0161ice\",\"url\":\"https:\/\/moyzeska.sk\/\",\"logo\":{\"@type\":\"ImageObject\",\"inLanguage\":\"sk-SK\",\"@id\":\"https:\/\/moyzeska.sk\/#\/schema\/logo\/image\/\",\"url\":\"https:\/\/moyzeska.sk\/wp-content\/uploads\/2020\/09\/SZS-logo.png\",\"contentUrl\":\"https:\/\/moyzeska.sk\/wp-content\/uploads\/2020\/09\/SZS-logo.png\",\"width\":300,\"height\":300,\"caption\":\"Stredn\u00e1 zdravotn\u00edcka \u0161kola, Moyzesova 17, Ko\u0161ice\"},\"image\":{\"@id\":\"https:\/\/moyzeska.sk\/#\/schema\/logo\/image\/\"},\"sameAs\":[\"https:\/\/www.facebook.com\/Moyzeska\",\"https:\/\/www.instagram.com\/moyzeska\/\"]},{\"@type\":\"Person\",\"@id\":\"https:\/\/moyzeska.sk\/#\/schema\/person\/ccacd20eb0ebd5802c810abfe2658b27\",\"name\":\"szske\",\"image\":{\"@type\":\"ImageObject\",\"inLanguage\":\"sk-SK\",\"@id\":\"https:\/\/moyzeska.sk\/#\/schema\/person\/image\/\",\"url\":\"https:\/\/secure.gravatar.com\/avatar\/a61f327c6a81f0db6f0a9b218fd0495c?s=96&d=mm&r=g\",\"contentUrl\":\"https:\/\/secure.gravatar.com\/avatar\/a61f327c6a81f0db6f0a9b218fd0495c?s=96&d=mm&r=g\",\"caption\":\"szske\"},\"sameAs\":[\"http:\/\/moyzeska.sk\"],\"url\":\"https:\/\/moyzeska.sk\/index.php\/author\/szske\/\"}]}<\/script>\n<!-- \/ Yoast SEO plugin. -->","yoast_head_json":{"title":"Mor\u00e1lne ocenenie pedagogick\u00e9ho zamestnanca KSK pri pr\u00edle\u017eitosti D\u0148a u\u010dite\u013eov - Stredn\u00e1 zdravotn\u00edcka \u0161kola, Moyzesova 17, Ko\u0161ice","robots":{"index":"index","follow":"follow","max-snippet":"max-snippet:-1","max-image-preview":"max-image-preview:large","max-video-preview":"max-video-preview:-1"},"canonical":"https:\/\/moyzeska.sk\/index.php\/2024\/04\/03\/moralne-ocenenie-pedagogickeho-zamestnanca-ksk-pri-prilezitosti-dna-ucitelov\/","og_locale":"sk_SK","og_type":"article","og_title":"Mor\u00e1lne ocenenie pedagogick\u00e9ho zamestnanca KSK pri pr\u00edle\u017eitosti D\u0148a u\u010dite\u013eov - Stredn\u00e1 zdravotn\u00edcka \u0161kola, Moyzesova 17, Ko\u0161ice","og_description":"28. marec na Slovensku patr\u00ed D\u0148u u\u010dite\u013eov. Pedagogick\u00ed pracovn\u00edci maj\u00fa svoj sviatok 28. marca, teda v de\u0148, ke\u010f sa v roku 1592 narodil &#8222;u\u010dite\u013e n\u00e1rodov&#8220; J\u00e1n Amos Komensk\u00fd, pokrokov\u00fd \u010desk\u00fd myslite\u013e a tvorca modernej pedagogiky. &nbsp;&nbsp;&nbsp;&nbsp;&nbsp;&nbsp;&nbsp;&nbsp;&nbsp;&nbsp;&nbsp; Pri tejto pr\u00edle\u017eitosti KSK 27.3. 2024 ocenil in\u0161pirat\u00edvnych u\u010dite\u013eov v&nbsp;kr\u00e1snych priestoroch V\u00fdchodoslovensk\u00e9ho m\u00fazea v&nbsp;Ko\u0161iciach. Za na\u0161u \u0161kolu bola mor\u00e1lne &hellip;Zobrazi\u0165","og_url":"https:\/\/moyzeska.sk\/index.php\/2024\/04\/03\/moralne-ocenenie-pedagogickeho-zamestnanca-ksk-pri-prilezitosti-dna-ucitelov\/","og_site_name":"Stredn\u00e1 zdravotn\u00edcka \u0161kola, Moyzesova 17, Ko\u0161ice","article_publisher":"https:\/\/www.facebook.com\/Moyzeska","article_published_time":"2024-04-03T05:31:45+00:00","article_modified_time":"2024-04-03T05:31:47+00:00","author":"szske","twitter_card":"summary_large_image","twitter_misc":{"Autor":"szske","Predpokladan\u00fd \u010das \u010d\u00edtania":"4 min\u00faty"},"schema":{"@context":"https:\/\/schema.org","@graph":[{"@type":"Article","@id":"https:\/\/moyzeska.sk\/index.php\/2024\/04\/03\/moralne-ocenenie-pedagogickeho-zamestnanca-ksk-pri-prilezitosti-dna-ucitelov\/#article","isPartOf":{"@id":"https:\/\/moyzeska.sk\/index.php\/2024\/04\/03\/moralne-ocenenie-pedagogickeho-zamestnanca-ksk-pri-prilezitosti-dna-ucitelov\/"},"author":{"name":"szske","@id":"https:\/\/moyzeska.sk\/#\/schema\/person\/ccacd20eb0ebd5802c810abfe2658b27"},"headline":"Mor\u00e1lne ocenenie pedagogick\u00e9ho zamestnanca KSK pri pr\u00edle\u017eitosti D\u0148a u\u010dite\u013eov","datePublished":"2024-04-03T05:31:45+00:00","dateModified":"2024-04-03T05:31:47+00:00","mainEntityOfPage":{"@id":"https:\/\/moyzeska.sk\/index.php\/2024\/04\/03\/moralne-ocenenie-pedagogickeho-zamestnanca-ksk-pri-prilezitosti-dna-ucitelov\/"},"wordCount":789,"publisher":{"@id":"https:\/\/moyzeska.sk\/#organization"},"inLanguage":"sk-SK"},{"@type":"WebPage","@id":"https:\/\/moyzeska.sk\/index.php\/2024\/04\/03\/moralne-ocenenie-pedagogickeho-zamestnanca-ksk-pri-prilezitosti-dna-ucitelov\/","url":"https:\/\/moyzeska.sk\/index.php\/2024\/04\/03\/moralne-ocenenie-pedagogickeho-zamestnanca-ksk-pri-prilezitosti-dna-ucitelov\/","name":"Mor\u00e1lne ocenenie pedagogick\u00e9ho zamestnanca KSK pri pr\u00edle\u017eitosti D\u0148a u\u010dite\u013eov - Stredn\u00e1 zdravotn\u00edcka \u0161kola, Moyzesova 17, Ko\u0161ice","isPartOf":{"@id":"https:\/\/moyzeska.sk\/#website"},"datePublished":"2024-04-03T05:31:45+00:00","dateModified":"2024-04-03T05:31:47+00:00","breadcrumb":{"@id":"https:\/\/moyzeska.sk\/index.php\/2024\/04\/03\/moralne-ocenenie-pedagogickeho-zamestnanca-ksk-pri-prilezitosti-dna-ucitelov\/#breadcrumb"},"inLanguage":"sk-SK","potentialAction":[{"@type":"ReadAction","target":["https:\/\/moyzeska.sk\/index.php\/2024\/04\/03\/moralne-ocenenie-pedagogickeho-zamestnanca-ksk-pri-prilezitosti-dna-ucitelov\/"]}]},{"@type":"BreadcrumbList","@id":"https:\/\/moyzeska.sk\/index.php\/2024\/04\/03\/moralne-ocenenie-pedagogickeho-zamestnanca-ksk-pri-prilezitosti-dna-ucitelov\/#breadcrumb","itemListElement":[{"@type":"ListItem","position":1,"name":"Home","item":"https:\/\/moyzeska.sk\/"},{"@type":"ListItem","position":2,"name":"Mor\u00e1lne ocenenie pedagogick\u00e9ho zamestnanca KSK pri pr\u00edle\u017eitosti D\u0148a u\u010dite\u013eov"}]},{"@type":"WebSite","@id":"https:\/\/moyzeska.sk\/#website","url":"https:\/\/moyzeska.sk\/","name":"Stredn\u00e1 zdravotn\u00edcka \u0161kola, Moyzesova 17, Ko\u0161ice","description":"","publisher":{"@id":"https:\/\/moyzeska.sk\/#organization"},"potentialAction":[{"@type":"SearchAction","target":{"@type":"EntryPoint","urlTemplate":"https:\/\/moyzeska.sk\/?s={search_term_string}"},"query-input":"required name=search_term_string"}],"inLanguage":"sk-SK"},{"@type":"Organization","@id":"https:\/\/moyzeska.sk\/#organization","name":"Stredn\u00e1 zdravotn\u00edcka \u0161kola, Moyzesova 17, Ko\u0161ice","url":"https:\/\/moyzeska.sk\/","logo":{"@type":"ImageObject","inLanguage":"sk-SK","@id":"https:\/\/moyzeska.sk\/#\/schema\/logo\/image\/","url":"https:\/\/moyzeska.sk\/wp-content\/uploads\/2020\/09\/SZS-logo.png","contentUrl":"https:\/\/moyzeska.sk\/wp-content\/uploads\/2020\/09\/SZS-logo.png","width":300,"height":300,"caption":"Stredn\u00e1 zdravotn\u00edcka \u0161kola, Moyzesova 17, Ko\u0161ice"},"image":{"@id":"https:\/\/moyzeska.sk\/#\/schema\/logo\/image\/"},"sameAs":["https:\/\/www.facebook.com\/Moyzeska","https:\/\/www.instagram.com\/moyzeska\/"]},{"@type":"Person","@id":"https:\/\/moyzeska.sk\/#\/schema\/person\/ccacd20eb0ebd5802c810abfe2658b27","name":"szske","image":{"@type":"ImageObject","inLanguage":"sk-SK","@id":"https:\/\/moyzeska.sk\/#\/schema\/person\/image\/","url":"https:\/\/secure.gravatar.com\/avatar\/a61f327c6a81f0db6f0a9b218fd0495c?s=96&d=mm&r=g","contentUrl":"https:\/\/secure.gravatar.com\/avatar\/a61f327c6a81f0db6f0a9b218fd0495c?s=96&d=mm&r=g","caption":"szske"},"sameAs":["http:\/\/moyzeska.sk"],"url":"https:\/\/moyzeska.sk\/index.php\/author\/szske\/"}]}},"_links":{"self":[{"href":"https:\/\/moyzeska.sk\/index.php\/wp-json\/wp\/v2\/posts\/5594"}],"collection":[{"href":"https:\/\/moyzeska.sk\/index.php\/wp-json\/wp\/v2\/posts"}],"about":[{"href":"https:\/\/moyzeska.sk\/index.php\/wp-json\/wp\/v2\/types\/post"}],"author":[{"embeddable":true,"href":"https:\/\/moyzeska.sk\/index.php\/wp-json\/wp\/v2\/users\/1"}],"replies":[{"embeddable":true,"href":"https:\/\/moyzeska.sk\/index.php\/wp-json\/wp\/v2\/comments?post=5594"}],"version-history":[{"count":1,"href":"https:\/\/moyzeska.sk\/index.php\/wp-json\/wp\/v2\/posts\/5594\/revisions"}],"predecessor-version":[{"id":5595,"href":"https:\/\/moyzeska.sk\/index.php\/wp-json\/wp\/v2\/posts\/5594\/revisions\/5595"}],"wp:attachment":[{"href":"https:\/\/moyzeska.sk\/index.php\/wp-json\/wp\/v2\/media?parent=5594"}],"wp:term":[{"taxonomy":"category","embeddable":true,"href":"https:\/\/moyzeska.sk\/index.php\/wp-json\/wp\/v2\/categories?post=5594"},{"taxonomy":"post_tag","embeddable":true,"href":"https:\/\/moyzeska.sk\/index.php\/wp-json\/wp\/v2\/tags?post=5594"}],"curies":[{"name":"wp","href":"https:\/\/api.w.org\/{rel}","templated":true}]}}