{"id":520,"date":"2019-09-11T16:00:42","date_gmt":"2019-09-11T14:00:42","guid":{"rendered":"http:\/\/moyzeska.sk\/?p=520"},"modified":"2020-10-05T10:13:10","modified_gmt":"2020-10-05T08:13:10","slug":"ucelove-cvicenie-2-rocnik","status":"publish","type":"post","link":"https:\/\/moyzeska.sk\/index.php\/2019\/09\/11\/ucelove-cvicenie-2-rocnik\/","title":{"rendered":"\u00da\u010delov\u00e9 cvi\u010denie &#8211; 2. ro\u010dn\u00edk"},"content":{"rendered":"\n<p>3. \u00fa\u010delov\u00e9 cvi\u010denie \u017eiakov 2. ro\u010dn\u00edka<\/p>\n\n\n\n<p>\u00da\u010delov\u00e9 cvi\u010denie pre \u017eiakov 2. ro\u010dn\u00edkov sa uskuto\u010dnilo 11. 09. 2019 v rekrea\u010dnej oblasti&nbsp;<strong>Klatovianka<\/strong>. Predpove\u010f po\u010dasia bola priazniv\u00e1 a tak sme sa zo s\u00eddliska KVP spolo\u010dne presunuli na miesto konania \u2013 ku chate Klatovianka.<br>Cvi\u010denia sa z\u00fa\u010dastnilo&nbsp;<strong>91 \u017eiakov druh\u00e9ho ro\u010dn\u00edka<\/strong>. \u017diaci boli rozdelen\u00ed do \u0161tyroch skup\u00edn.<br>Na pripraven\u00fdch stanovi\u0161tiach, \u010di u\u017e&nbsp;<strong>zo zdravotnej pr\u00edpravy, orient\u00e1cii v pr\u00edrode alebo civilnej ochrane a hodu gran\u00e1tom<\/strong>, si \u017eiaci otestovali svoje vedomosti a zru\u010dnosti.<br>Po skon\u010den\u00ed cvi\u010denia sa uskuto\u010dnilo vyhodnotenie a spolo\u010dn\u00fd presun na miesto zrazu, kde bol dan\u00fd rozchod.<\/p>\n\n\n\n<p><\/p>\n\n\n\n[Best_Wordpress_Gallery id=&#8220;38&#8243; gal_title=&#8220;\u00da\u010delov\u00e9 cvi\u010denie 2.ro\u010dn\u00edk 2019&#8243;]\n","protected":false},"excerpt":{"rendered":"<p>3. \u00fa\u010delov\u00e9 cvi\u010denie \u017eiakov 2. ro\u010dn\u00edka \u00da\u010delov\u00e9 cvi\u010denie pre \u017eiakov 2. ro\u010dn\u00edkov sa uskuto\u010dnilo 11. 09. 2019 v rekrea\u010dnej oblasti&nbsp;Klatovianka. Predpove\u010f po\u010dasia bola priazniv\u00e1 a tak sme sa zo s\u00eddliska KVP spolo\u010dne presunuli na miesto konania \u2013 ku chate Klatovianka.Cvi\u010denia sa z\u00fa\u010dastnilo&nbsp;91 \u017eiakov druh\u00e9ho ro\u010dn\u00edka. \u017diaci boli rozdelen\u00ed do \u0161tyroch skup\u00edn.Na pripraven\u00fdch stanovi\u0161tiach, \u010di u\u017e&nbsp;zo &hellip;<br \/><a href=\"https:\/\/moyzeska.sk\/index.php\/2019\/09\/11\/ucelove-cvicenie-2-rocnik\/\" class=\"more-link pen_button pen_element_default pen_icon_arrow_double\">Zobrazi\u0165<\/a><\/p>\n","protected":false},"author":1,"featured_media":521,"comment_status":"closed","ping_status":"open","sticky":false,"template":"","format":"standard","meta":{"_monsterinsights_skip_tracking":false,"_monsterinsights_sitenote_active":false,"_monsterinsights_sitenote_note":"","_monsterinsights_sitenote_category":0},"categories":[9],"tags":[],"yoast_head":"<!-- This site is optimized with the Yoast SEO plugin v21.8.1 - https:\/\/yoast.com\/wordpress\/plugins\/seo\/ -->\n<title>\u00da\u010delov\u00e9 cvi\u010denie - 2. ro\u010dn\u00edk - Stredn\u00e1 zdravotn\u00edcka \u0161kola, Moyzesova 17, Ko\u0161ice<\/title>\n<meta name=\"robots\" content=\"index, follow, max-snippet:-1, max-image-preview:large, max-video-preview:-1\" \/>\n<link rel=\"canonical\" href=\"https:\/\/moyzeska.sk\/index.php\/2019\/09\/11\/ucelove-cvicenie-2-rocnik\/\" \/>\n<meta property=\"og:locale\" content=\"sk_SK\" \/>\n<meta property=\"og:type\" content=\"article\" \/>\n<meta property=\"og:title\" content=\"\u00da\u010delov\u00e9 cvi\u010denie - 2. ro\u010dn\u00edk - Stredn\u00e1 zdravotn\u00edcka \u0161kola, Moyzesova 17, Ko\u0161ice\" \/>\n<meta property=\"og:description\" content=\"3. \u00fa\u010delov\u00e9 cvi\u010denie \u017eiakov 2. ro\u010dn\u00edka \u00da\u010delov\u00e9 cvi\u010denie pre \u017eiakov 2. ro\u010dn\u00edkov sa uskuto\u010dnilo 11. 09. 2019 v rekrea\u010dnej oblasti&nbsp;Klatovianka. Predpove\u010f po\u010dasia bola priazniv\u00e1 a tak sme sa zo s\u00eddliska KVP spolo\u010dne presunuli na miesto konania \u2013 ku chate Klatovianka.Cvi\u010denia sa z\u00fa\u010dastnilo&nbsp;91 \u017eiakov druh\u00e9ho ro\u010dn\u00edka. \u017diaci boli rozdelen\u00ed do \u0161tyroch skup\u00edn.Na pripraven\u00fdch stanovi\u0161tiach, \u010di u\u017e&nbsp;zo &hellip;Zobrazi\u0165\" \/>\n<meta property=\"og:url\" content=\"https:\/\/moyzeska.sk\/index.php\/2019\/09\/11\/ucelove-cvicenie-2-rocnik\/\" \/>\n<meta property=\"og:site_name\" content=\"Stredn\u00e1 zdravotn\u00edcka \u0161kola, Moyzesova 17, Ko\u0161ice\" \/>\n<meta property=\"article:publisher\" content=\"https:\/\/www.facebook.com\/Moyzeska\" \/>\n<meta property=\"article:published_time\" content=\"2019-09-11T14:00:42+00:00\" \/>\n<meta property=\"article:modified_time\" content=\"2020-10-05T08:13:10+00:00\" \/>\n<meta property=\"og:image\" content=\"https:\/\/moyzeska.sk\/wp-content\/uploads\/2020\/10\/snimok016.jpg\" \/>\n\t<meta property=\"og:image:width\" content=\"640\" \/>\n\t<meta property=\"og:image:height\" content=\"480\" \/>\n\t<meta property=\"og:image:type\" content=\"image\/jpeg\" \/>\n<meta name=\"author\" content=\"szske\" \/>\n<meta name=\"twitter:card\" content=\"summary_large_image\" \/>\n<meta name=\"twitter:label1\" content=\"Autor\" \/>\n\t<meta name=\"twitter:data1\" content=\"szske\" \/>\n\t<meta name=\"twitter:label2\" content=\"Predpokladan\u00fd \u010das \u010d\u00edtania\" \/>\n\t<meta name=\"twitter:data2\" content=\"1 min\u00fata\" \/>\n<script type=\"application\/ld+json\" class=\"yoast-schema-graph\">{\"@context\":\"https:\/\/schema.org\",\"@graph\":[{\"@type\":\"Article\",\"@id\":\"https:\/\/moyzeska.sk\/index.php\/2019\/09\/11\/ucelove-cvicenie-2-rocnik\/#article\",\"isPartOf\":{\"@id\":\"https:\/\/moyzeska.sk\/index.php\/2019\/09\/11\/ucelove-cvicenie-2-rocnik\/\"},\"author\":{\"name\":\"szske\",\"@id\":\"https:\/\/moyzeska.sk\/#\/schema\/person\/ccacd20eb0ebd5802c810abfe2658b27\"},\"headline\":\"\u00da\u010delov\u00e9 cvi\u010denie &#8211; 2. ro\u010dn\u00edk\",\"datePublished\":\"2019-09-11T14:00:42+00:00\",\"dateModified\":\"2020-10-05T08:13:10+00:00\",\"mainEntityOfPage\":{\"@id\":\"https:\/\/moyzeska.sk\/index.php\/2019\/09\/11\/ucelove-cvicenie-2-rocnik\/\"},\"wordCount\":136,\"publisher\":{\"@id\":\"https:\/\/moyzeska.sk\/#organization\"},\"articleSection\":[\"Foto 2019\/2020\"],\"inLanguage\":\"sk-SK\"},{\"@type\":\"WebPage\",\"@id\":\"https:\/\/moyzeska.sk\/index.php\/2019\/09\/11\/ucelove-cvicenie-2-rocnik\/\",\"url\":\"https:\/\/moyzeska.sk\/index.php\/2019\/09\/11\/ucelove-cvicenie-2-rocnik\/\",\"name\":\"\u00da\u010delov\u00e9 cvi\u010denie - 2. ro\u010dn\u00edk - Stredn\u00e1 zdravotn\u00edcka \u0161kola, Moyzesova 17, Ko\u0161ice\",\"isPartOf\":{\"@id\":\"https:\/\/moyzeska.sk\/#website\"},\"datePublished\":\"2019-09-11T14:00:42+00:00\",\"dateModified\":\"2020-10-05T08:13:10+00:00\",\"breadcrumb\":{\"@id\":\"https:\/\/moyzeska.sk\/index.php\/2019\/09\/11\/ucelove-cvicenie-2-rocnik\/#breadcrumb\"},\"inLanguage\":\"sk-SK\",\"potentialAction\":[{\"@type\":\"ReadAction\",\"target\":[\"https:\/\/moyzeska.sk\/index.php\/2019\/09\/11\/ucelove-cvicenie-2-rocnik\/\"]}]},{\"@type\":\"BreadcrumbList\",\"@id\":\"https:\/\/moyzeska.sk\/index.php\/2019\/09\/11\/ucelove-cvicenie-2-rocnik\/#breadcrumb\",\"itemListElement\":[{\"@type\":\"ListItem\",\"position\":1,\"name\":\"Home\",\"item\":\"https:\/\/moyzeska.sk\/\"},{\"@type\":\"ListItem\",\"position\":2,\"name\":\"\u00da\u010delov\u00e9 cvi\u010denie &#8211; 2. ro\u010dn\u00edk\"}]},{\"@type\":\"WebSite\",\"@id\":\"https:\/\/moyzeska.sk\/#website\",\"url\":\"https:\/\/moyzeska.sk\/\",\"name\":\"Stredn\u00e1 zdravotn\u00edcka \u0161kola, Moyzesova 17, Ko\u0161ice\",\"description\":\"\",\"publisher\":{\"@id\":\"https:\/\/moyzeska.sk\/#organization\"},\"potentialAction\":[{\"@type\":\"SearchAction\",\"target\":{\"@type\":\"EntryPoint\",\"urlTemplate\":\"https:\/\/moyzeska.sk\/?s={search_term_string}\"},\"query-input\":\"required name=search_term_string\"}],\"inLanguage\":\"sk-SK\"},{\"@type\":\"Organization\",\"@id\":\"https:\/\/moyzeska.sk\/#organization\",\"name\":\"Stredn\u00e1 zdravotn\u00edcka \u0161kola, Moyzesova 17, Ko\u0161ice\",\"url\":\"https:\/\/moyzeska.sk\/\",\"logo\":{\"@type\":\"ImageObject\",\"inLanguage\":\"sk-SK\",\"@id\":\"https:\/\/moyzeska.sk\/#\/schema\/logo\/image\/\",\"url\":\"https:\/\/moyzeska.sk\/wp-content\/uploads\/2020\/09\/SZS-logo.png\",\"contentUrl\":\"https:\/\/moyzeska.sk\/wp-content\/uploads\/2020\/09\/SZS-logo.png\",\"width\":300,\"height\":300,\"caption\":\"Stredn\u00e1 zdravotn\u00edcka \u0161kola, Moyzesova 17, Ko\u0161ice\"},\"image\":{\"@id\":\"https:\/\/moyzeska.sk\/#\/schema\/logo\/image\/\"},\"sameAs\":[\"https:\/\/www.facebook.com\/Moyzeska\",\"https:\/\/www.instagram.com\/moyzeska\/\"]},{\"@type\":\"Person\",\"@id\":\"https:\/\/moyzeska.sk\/#\/schema\/person\/ccacd20eb0ebd5802c810abfe2658b27\",\"name\":\"szske\",\"image\":{\"@type\":\"ImageObject\",\"inLanguage\":\"sk-SK\",\"@id\":\"https:\/\/moyzeska.sk\/#\/schema\/person\/image\/\",\"url\":\"https:\/\/secure.gravatar.com\/avatar\/a61f327c6a81f0db6f0a9b218fd0495c?s=96&d=mm&r=g\",\"contentUrl\":\"https:\/\/secure.gravatar.com\/avatar\/a61f327c6a81f0db6f0a9b218fd0495c?s=96&d=mm&r=g\",\"caption\":\"szske\"},\"sameAs\":[\"http:\/\/moyzeska.sk\"],\"url\":\"https:\/\/moyzeska.sk\/index.php\/author\/szske\/\"}]}<\/script>\n<!-- \/ Yoast SEO plugin. -->","yoast_head_json":{"title":"\u00da\u010delov\u00e9 cvi\u010denie - 2. ro\u010dn\u00edk - Stredn\u00e1 zdravotn\u00edcka \u0161kola, Moyzesova 17, Ko\u0161ice","robots":{"index":"index","follow":"follow","max-snippet":"max-snippet:-1","max-image-preview":"max-image-preview:large","max-video-preview":"max-video-preview:-1"},"canonical":"https:\/\/moyzeska.sk\/index.php\/2019\/09\/11\/ucelove-cvicenie-2-rocnik\/","og_locale":"sk_SK","og_type":"article","og_title":"\u00da\u010delov\u00e9 cvi\u010denie - 2. ro\u010dn\u00edk - Stredn\u00e1 zdravotn\u00edcka \u0161kola, Moyzesova 17, Ko\u0161ice","og_description":"3. \u00fa\u010delov\u00e9 cvi\u010denie \u017eiakov 2. ro\u010dn\u00edka \u00da\u010delov\u00e9 cvi\u010denie pre \u017eiakov 2. ro\u010dn\u00edkov sa uskuto\u010dnilo 11. 09. 2019 v rekrea\u010dnej oblasti&nbsp;Klatovianka. Predpove\u010f po\u010dasia bola priazniv\u00e1 a tak sme sa zo s\u00eddliska KVP spolo\u010dne presunuli na miesto konania \u2013 ku chate Klatovianka.Cvi\u010denia sa z\u00fa\u010dastnilo&nbsp;91 \u017eiakov druh\u00e9ho ro\u010dn\u00edka. \u017diaci boli rozdelen\u00ed do \u0161tyroch skup\u00edn.Na pripraven\u00fdch stanovi\u0161tiach, \u010di u\u017e&nbsp;zo &hellip;Zobrazi\u0165","og_url":"https:\/\/moyzeska.sk\/index.php\/2019\/09\/11\/ucelove-cvicenie-2-rocnik\/","og_site_name":"Stredn\u00e1 zdravotn\u00edcka \u0161kola, Moyzesova 17, Ko\u0161ice","article_publisher":"https:\/\/www.facebook.com\/Moyzeska","article_published_time":"2019-09-11T14:00:42+00:00","article_modified_time":"2020-10-05T08:13:10+00:00","og_image":[{"width":640,"height":480,"url":"https:\/\/moyzeska.sk\/wp-content\/uploads\/2020\/10\/snimok016.jpg","type":"image\/jpeg"}],"author":"szske","twitter_card":"summary_large_image","twitter_misc":{"Autor":"szske","Predpokladan\u00fd \u010das \u010d\u00edtania":"1 min\u00fata"},"schema":{"@context":"https:\/\/schema.org","@graph":[{"@type":"Article","@id":"https:\/\/moyzeska.sk\/index.php\/2019\/09\/11\/ucelove-cvicenie-2-rocnik\/#article","isPartOf":{"@id":"https:\/\/moyzeska.sk\/index.php\/2019\/09\/11\/ucelove-cvicenie-2-rocnik\/"},"author":{"name":"szske","@id":"https:\/\/moyzeska.sk\/#\/schema\/person\/ccacd20eb0ebd5802c810abfe2658b27"},"headline":"\u00da\u010delov\u00e9 cvi\u010denie &#8211; 2. ro\u010dn\u00edk","datePublished":"2019-09-11T14:00:42+00:00","dateModified":"2020-10-05T08:13:10+00:00","mainEntityOfPage":{"@id":"https:\/\/moyzeska.sk\/index.php\/2019\/09\/11\/ucelove-cvicenie-2-rocnik\/"},"wordCount":136,"publisher":{"@id":"https:\/\/moyzeska.sk\/#organization"},"articleSection":["Foto 2019\/2020"],"inLanguage":"sk-SK"},{"@type":"WebPage","@id":"https:\/\/moyzeska.sk\/index.php\/2019\/09\/11\/ucelove-cvicenie-2-rocnik\/","url":"https:\/\/moyzeska.sk\/index.php\/2019\/09\/11\/ucelove-cvicenie-2-rocnik\/","name":"\u00da\u010delov\u00e9 cvi\u010denie - 2. ro\u010dn\u00edk - Stredn\u00e1 zdravotn\u00edcka \u0161kola, Moyzesova 17, Ko\u0161ice","isPartOf":{"@id":"https:\/\/moyzeska.sk\/#website"},"datePublished":"2019-09-11T14:00:42+00:00","dateModified":"2020-10-05T08:13:10+00:00","breadcrumb":{"@id":"https:\/\/moyzeska.sk\/index.php\/2019\/09\/11\/ucelove-cvicenie-2-rocnik\/#breadcrumb"},"inLanguage":"sk-SK","potentialAction":[{"@type":"ReadAction","target":["https:\/\/moyzeska.sk\/index.php\/2019\/09\/11\/ucelove-cvicenie-2-rocnik\/"]}]},{"@type":"BreadcrumbList","@id":"https:\/\/moyzeska.sk\/index.php\/2019\/09\/11\/ucelove-cvicenie-2-rocnik\/#breadcrumb","itemListElement":[{"@type":"ListItem","position":1,"name":"Home","item":"https:\/\/moyzeska.sk\/"},{"@type":"ListItem","position":2,"name":"\u00da\u010delov\u00e9 cvi\u010denie &#8211; 2. ro\u010dn\u00edk"}]},{"@type":"WebSite","@id":"https:\/\/moyzeska.sk\/#website","url":"https:\/\/moyzeska.sk\/","name":"Stredn\u00e1 zdravotn\u00edcka \u0161kola, Moyzesova 17, Ko\u0161ice","description":"","publisher":{"@id":"https:\/\/moyzeska.sk\/#organization"},"potentialAction":[{"@type":"SearchAction","target":{"@type":"EntryPoint","urlTemplate":"https:\/\/moyzeska.sk\/?s={search_term_string}"},"query-input":"required name=search_term_string"}],"inLanguage":"sk-SK"},{"@type":"Organization","@id":"https:\/\/moyzeska.sk\/#organization","name":"Stredn\u00e1 zdravotn\u00edcka \u0161kola, Moyzesova 17, Ko\u0161ice","url":"https:\/\/moyzeska.sk\/","logo":{"@type":"ImageObject","inLanguage":"sk-SK","@id":"https:\/\/moyzeska.sk\/#\/schema\/logo\/image\/","url":"https:\/\/moyzeska.sk\/wp-content\/uploads\/2020\/09\/SZS-logo.png","contentUrl":"https:\/\/moyzeska.sk\/wp-content\/uploads\/2020\/09\/SZS-logo.png","width":300,"height":300,"caption":"Stredn\u00e1 zdravotn\u00edcka \u0161kola, Moyzesova 17, Ko\u0161ice"},"image":{"@id":"https:\/\/moyzeska.sk\/#\/schema\/logo\/image\/"},"sameAs":["https:\/\/www.facebook.com\/Moyzeska","https:\/\/www.instagram.com\/moyzeska\/"]},{"@type":"Person","@id":"https:\/\/moyzeska.sk\/#\/schema\/person\/ccacd20eb0ebd5802c810abfe2658b27","name":"szske","image":{"@type":"ImageObject","inLanguage":"sk-SK","@id":"https:\/\/moyzeska.sk\/#\/schema\/person\/image\/","url":"https:\/\/secure.gravatar.com\/avatar\/a61f327c6a81f0db6f0a9b218fd0495c?s=96&d=mm&r=g","contentUrl":"https:\/\/secure.gravatar.com\/avatar\/a61f327c6a81f0db6f0a9b218fd0495c?s=96&d=mm&r=g","caption":"szske"},"sameAs":["http:\/\/moyzeska.sk"],"url":"https:\/\/moyzeska.sk\/index.php\/author\/szske\/"}]}},"_links":{"self":[{"href":"https:\/\/moyzeska.sk\/index.php\/wp-json\/wp\/v2\/posts\/520"}],"collection":[{"href":"https:\/\/moyzeska.sk\/index.php\/wp-json\/wp\/v2\/posts"}],"about":[{"href":"https:\/\/moyzeska.sk\/index.php\/wp-json\/wp\/v2\/types\/post"}],"author":[{"embeddable":true,"href":"https:\/\/moyzeska.sk\/index.php\/wp-json\/wp\/v2\/users\/1"}],"replies":[{"embeddable":true,"href":"https:\/\/moyzeska.sk\/index.php\/wp-json\/wp\/v2\/comments?post=520"}],"version-history":[{"count":3,"href":"https:\/\/moyzeska.sk\/index.php\/wp-json\/wp\/v2\/posts\/520\/revisions"}],"predecessor-version":[{"id":536,"href":"https:\/\/moyzeska.sk\/index.php\/wp-json\/wp\/v2\/posts\/520\/revisions\/536"}],"wp:featuredmedia":[{"embeddable":true,"href":"https:\/\/moyzeska.sk\/index.php\/wp-json\/wp\/v2\/media\/521"}],"wp:attachment":[{"href":"https:\/\/moyzeska.sk\/index.php\/wp-json\/wp\/v2\/media?parent=520"}],"wp:term":[{"taxonomy":"category","embeddable":true,"href":"https:\/\/moyzeska.sk\/index.php\/wp-json\/wp\/v2\/categories?post=520"},{"taxonomy":"post_tag","embeddable":true,"href":"https:\/\/moyzeska.sk\/index.php\/wp-json\/wp\/v2\/tags?post=520"}],"curies":[{"name":"wp","href":"https:\/\/api.w.org\/{rel}","templated":true}]}}