{"id":516,"date":"2019-10-03T16:00:27","date_gmt":"2019-10-03T14:00:27","guid":{"rendered":"http:\/\/moyzeska.sk\/?p=516"},"modified":"2020-10-05T10:03:44","modified_gmt":"2020-10-05T08:03:44","slug":"labakademia","status":"publish","type":"post","link":"https:\/\/moyzeska.sk\/index.php\/2019\/10\/03\/labakademia\/","title":{"rendered":"LABakad\u00e9mia"},"content":{"rendered":"\n<p>LABakademia \u2013 3. 10. 2019<\/p>\n\n\n\n<blockquote class=\"wp-block-quote\"><p>D\u0148a 3.10.2019 sa uskuto\u010dnilo&nbsp;<strong>\u0161kolsk\u00e9 kolo LABakad\u00e9mie<\/strong>&nbsp;v priestoroch \u0160kolsk\u00e9ho intern\u00e1tu na Pova\u017eskej 7 v Ko\u0161iciach.&nbsp;<strong>\u017diaci \u0161tvrt\u00fdch ro\u010dn\u00edkov, v\u00ed\u0165azi triednych k\u00f4l<\/strong>, s\u00fa\u0165a\u017eili v prezent\u00e1cii semin\u00e1rnych pr\u00e1c, ktor\u00e9 vypracovali po\u010das s\u00favislej odbornej praxe v r\u00f4znych zdravotn\u00edckych zariadeniach. S\u00fa\u0165a\u017ee sa z\u00fa\u010dastnili aj v\u0161etci \u017eiaci tret\u00edch ro\u010dn\u00edkov. Cel\u00e1 s\u00fa\u0165a\u017e prebiehala v pr\u00edjemnej a pokojnej atmosf\u00e9re, a preto by sme chceli po\u010fakova\u0165 v\u0161etk\u00fdm t\u00fdm, ktor\u00ed sa staraj\u00fa o to, aby t\u00e1to in\u0161pirat\u00edvna s\u00fa\u0165a\u017e mala ka\u017edoro\u010dn\u00e9 pokra\u010dovanie, ale aj v\u0161etk\u00fdm \u017eiakom, ktor\u00ed na\u0161li chu\u0165 a \u010das venova\u0165 sa pr\u00e1ci vo svojom vo\u013enom \u010dase.<\/p><p><em><strong>V\u00fdsledky:<\/strong><\/em><br>1. miesto v odbore AV \u2013<strong>&nbsp;<em>Katar\u00edna Urdov\u00e1 \u2013 Histam\u00ednov\u00e1 intolerancia<\/em><\/strong><br>1. miesto v odbore OO \u2013<em><strong>&nbsp;Lenka Dan\u010dov\u00e1 \u2013 Ametrick\u00e9 oko<\/strong><\/em><br>1. miesto v odbore FL \u2013&nbsp;<em><strong>Ariana K\u00edgy\u00f3siov\u00e1 \u2013 Akn\u00e9 sp\u00f4sob terapie<\/strong><\/em><br>1. miesto v odbore ZL \u2013<em><strong>&nbsp;Nat\u00e1lia Semanov\u00e1 \u2013 Myk\u00f3za ko\u017ee reakciou PAS<\/strong><\/em><br>2. miesto v odbore ZL \u2013&nbsp;<em><strong>Petra Klobu\u0161ovsk\u00e1 \u2013 V\u00fdznam vy\u0161etrenia stolice v gastroenterol\u00f3gii<\/strong><\/em><\/p><p>Do celoslovensk\u00e9ho kola v Banskej Bystrici, ktor\u00e9 sa bude kona\u0165 d\u0148a 29 . 10. 2019, postupuj\u00fa \u017eia\u010dky z odboru ZL \u2013 Nat\u00e1lia Semanov\u00e1 s pr\u00e1cou Myk\u00f3za ko\u017ee reakciou PAS a Petra Klobu\u0161ovsk\u00e1 s pr\u00e1cou V\u00fdznam vy\u0161etrenia stolice v gastroenterol\u00f3gii.<\/p><\/blockquote>\n\n\n\n<p><a href=\"http:\/\/moyzeska.sk\/wp-content\/uploads\/photo-gallery\/snimok002_(1)_(1)_(1)_(1)_(1)_(1)_(1).jpg?bwg=1601621160\"><\/a><\/p>\n\n\n\n[Best_Wordpress_Gallery id=&#8220;37&#8243; gal_title=&#8220;Labakademia 2019&#8243;]\n","protected":false},"excerpt":{"rendered":"<p>LABakademia \u2013 3. 10. 2019 D\u0148a 3.10.2019 sa uskuto\u010dnilo&nbsp;\u0161kolsk\u00e9 kolo LABakad\u00e9mie&nbsp;v priestoroch \u0160kolsk\u00e9ho intern\u00e1tu na Pova\u017eskej 7 v Ko\u0161iciach.&nbsp;\u017diaci \u0161tvrt\u00fdch ro\u010dn\u00edkov, v\u00ed\u0165azi triednych k\u00f4l, s\u00fa\u0165a\u017eili v prezent\u00e1cii semin\u00e1rnych pr\u00e1c, ktor\u00e9 vypracovali po\u010das s\u00favislej odbornej praxe v r\u00f4znych zdravotn\u00edckych zariadeniach. S\u00fa\u0165a\u017ee sa z\u00fa\u010dastnili aj v\u0161etci \u017eiaci tret\u00edch ro\u010dn\u00edkov. Cel\u00e1 s\u00fa\u0165a\u017e prebiehala v pr\u00edjemnej a pokojnej atmosf\u00e9re, &hellip;<br \/><a href=\"https:\/\/moyzeska.sk\/index.php\/2019\/10\/03\/labakademia\/\" class=\"more-link pen_button pen_element_default pen_icon_arrow_double\">Zobrazi\u0165<\/a><\/p>\n","protected":false},"author":1,"featured_media":518,"comment_status":"closed","ping_status":"closed","sticky":false,"template":"","format":"standard","meta":{"_monsterinsights_skip_tracking":false,"_monsterinsights_sitenote_active":false,"_monsterinsights_sitenote_note":"","_monsterinsights_sitenote_category":0},"categories":[9],"tags":[],"yoast_head":"<!-- This site is optimized with the Yoast SEO plugin v21.8.1 - https:\/\/yoast.com\/wordpress\/plugins\/seo\/ -->\n<title>LABakad\u00e9mia - Stredn\u00e1 zdravotn\u00edcka \u0161kola, Moyzesova 17, Ko\u0161ice<\/title>\n<meta name=\"robots\" content=\"index, follow, max-snippet:-1, max-image-preview:large, max-video-preview:-1\" \/>\n<link rel=\"canonical\" href=\"https:\/\/moyzeska.sk\/index.php\/2019\/10\/03\/labakademia\/\" \/>\n<meta property=\"og:locale\" content=\"sk_SK\" \/>\n<meta property=\"og:type\" content=\"article\" \/>\n<meta property=\"og:title\" content=\"LABakad\u00e9mia - Stredn\u00e1 zdravotn\u00edcka \u0161kola, Moyzesova 17, Ko\u0161ice\" \/>\n<meta property=\"og:description\" content=\"LABakademia \u2013 3. 10. 2019 D\u0148a 3.10.2019 sa uskuto\u010dnilo&nbsp;\u0161kolsk\u00e9 kolo LABakad\u00e9mie&nbsp;v priestoroch \u0160kolsk\u00e9ho intern\u00e1tu na Pova\u017eskej 7 v Ko\u0161iciach.&nbsp;\u017diaci \u0161tvrt\u00fdch ro\u010dn\u00edkov, v\u00ed\u0165azi triednych k\u00f4l, s\u00fa\u0165a\u017eili v prezent\u00e1cii semin\u00e1rnych pr\u00e1c, ktor\u00e9 vypracovali po\u010das s\u00favislej odbornej praxe v r\u00f4znych zdravotn\u00edckych zariadeniach. S\u00fa\u0165a\u017ee sa z\u00fa\u010dastnili aj v\u0161etci \u017eiaci tret\u00edch ro\u010dn\u00edkov. Cel\u00e1 s\u00fa\u0165a\u017e prebiehala v pr\u00edjemnej a pokojnej atmosf\u00e9re, &hellip;Zobrazi\u0165\" \/>\n<meta property=\"og:url\" content=\"https:\/\/moyzeska.sk\/index.php\/2019\/10\/03\/labakademia\/\" \/>\n<meta property=\"og:site_name\" content=\"Stredn\u00e1 zdravotn\u00edcka \u0161kola, Moyzesova 17, Ko\u0161ice\" \/>\n<meta property=\"article:publisher\" content=\"https:\/\/www.facebook.com\/Moyzeska\" \/>\n<meta property=\"article:published_time\" content=\"2019-10-03T14:00:27+00:00\" \/>\n<meta property=\"article:modified_time\" content=\"2020-10-05T08:03:44+00:00\" \/>\n<meta property=\"og:image\" content=\"https:\/\/moyzeska.sk\/wp-content\/uploads\/2020\/10\/snimok004.jpg\" \/>\n\t<meta property=\"og:image:width\" content=\"1024\" \/>\n\t<meta property=\"og:image:height\" content=\"768\" \/>\n\t<meta property=\"og:image:type\" content=\"image\/jpeg\" \/>\n<meta name=\"author\" content=\"szske\" \/>\n<meta name=\"twitter:card\" content=\"summary_large_image\" \/>\n<meta name=\"twitter:label1\" content=\"Autor\" \/>\n\t<meta name=\"twitter:data1\" content=\"szske\" \/>\n\t<meta name=\"twitter:label2\" content=\"Predpokladan\u00fd \u010das \u010d\u00edtania\" \/>\n\t<meta name=\"twitter:data2\" content=\"1 min\u00fata\" \/>\n<script type=\"application\/ld+json\" class=\"yoast-schema-graph\">{\"@context\":\"https:\/\/schema.org\",\"@graph\":[{\"@type\":\"Article\",\"@id\":\"https:\/\/moyzeska.sk\/index.php\/2019\/10\/03\/labakademia\/#article\",\"isPartOf\":{\"@id\":\"https:\/\/moyzeska.sk\/index.php\/2019\/10\/03\/labakademia\/\"},\"author\":{\"name\":\"szske\",\"@id\":\"https:\/\/moyzeska.sk\/#\/schema\/person\/ccacd20eb0ebd5802c810abfe2658b27\"},\"headline\":\"LABakad\u00e9mia\",\"datePublished\":\"2019-10-03T14:00:27+00:00\",\"dateModified\":\"2020-10-05T08:03:44+00:00\",\"mainEntityOfPage\":{\"@id\":\"https:\/\/moyzeska.sk\/index.php\/2019\/10\/03\/labakademia\/\"},\"wordCount\":259,\"publisher\":{\"@id\":\"https:\/\/moyzeska.sk\/#organization\"},\"articleSection\":[\"Foto 2019\/2020\"],\"inLanguage\":\"sk-SK\"},{\"@type\":\"WebPage\",\"@id\":\"https:\/\/moyzeska.sk\/index.php\/2019\/10\/03\/labakademia\/\",\"url\":\"https:\/\/moyzeska.sk\/index.php\/2019\/10\/03\/labakademia\/\",\"name\":\"LABakad\u00e9mia - Stredn\u00e1 zdravotn\u00edcka \u0161kola, Moyzesova 17, Ko\u0161ice\",\"isPartOf\":{\"@id\":\"https:\/\/moyzeska.sk\/#website\"},\"datePublished\":\"2019-10-03T14:00:27+00:00\",\"dateModified\":\"2020-10-05T08:03:44+00:00\",\"breadcrumb\":{\"@id\":\"https:\/\/moyzeska.sk\/index.php\/2019\/10\/03\/labakademia\/#breadcrumb\"},\"inLanguage\":\"sk-SK\",\"potentialAction\":[{\"@type\":\"ReadAction\",\"target\":[\"https:\/\/moyzeska.sk\/index.php\/2019\/10\/03\/labakademia\/\"]}]},{\"@type\":\"BreadcrumbList\",\"@id\":\"https:\/\/moyzeska.sk\/index.php\/2019\/10\/03\/labakademia\/#breadcrumb\",\"itemListElement\":[{\"@type\":\"ListItem\",\"position\":1,\"name\":\"Home\",\"item\":\"https:\/\/moyzeska.sk\/\"},{\"@type\":\"ListItem\",\"position\":2,\"name\":\"LABakad\u00e9mia\"}]},{\"@type\":\"WebSite\",\"@id\":\"https:\/\/moyzeska.sk\/#website\",\"url\":\"https:\/\/moyzeska.sk\/\",\"name\":\"Stredn\u00e1 zdravotn\u00edcka \u0161kola, Moyzesova 17, Ko\u0161ice\",\"description\":\"\",\"publisher\":{\"@id\":\"https:\/\/moyzeska.sk\/#organization\"},\"potentialAction\":[{\"@type\":\"SearchAction\",\"target\":{\"@type\":\"EntryPoint\",\"urlTemplate\":\"https:\/\/moyzeska.sk\/?s={search_term_string}\"},\"query-input\":\"required name=search_term_string\"}],\"inLanguage\":\"sk-SK\"},{\"@type\":\"Organization\",\"@id\":\"https:\/\/moyzeska.sk\/#organization\",\"name\":\"Stredn\u00e1 zdravotn\u00edcka \u0161kola, Moyzesova 17, Ko\u0161ice\",\"url\":\"https:\/\/moyzeska.sk\/\",\"logo\":{\"@type\":\"ImageObject\",\"inLanguage\":\"sk-SK\",\"@id\":\"https:\/\/moyzeska.sk\/#\/schema\/logo\/image\/\",\"url\":\"https:\/\/moyzeska.sk\/wp-content\/uploads\/2020\/09\/SZS-logo.png\",\"contentUrl\":\"https:\/\/moyzeska.sk\/wp-content\/uploads\/2020\/09\/SZS-logo.png\",\"width\":300,\"height\":300,\"caption\":\"Stredn\u00e1 zdravotn\u00edcka \u0161kola, Moyzesova 17, Ko\u0161ice\"},\"image\":{\"@id\":\"https:\/\/moyzeska.sk\/#\/schema\/logo\/image\/\"},\"sameAs\":[\"https:\/\/www.facebook.com\/Moyzeska\",\"https:\/\/www.instagram.com\/moyzeska\/\"]},{\"@type\":\"Person\",\"@id\":\"https:\/\/moyzeska.sk\/#\/schema\/person\/ccacd20eb0ebd5802c810abfe2658b27\",\"name\":\"szske\",\"image\":{\"@type\":\"ImageObject\",\"inLanguage\":\"sk-SK\",\"@id\":\"https:\/\/moyzeska.sk\/#\/schema\/person\/image\/\",\"url\":\"https:\/\/secure.gravatar.com\/avatar\/a61f327c6a81f0db6f0a9b218fd0495c?s=96&d=mm&r=g\",\"contentUrl\":\"https:\/\/secure.gravatar.com\/avatar\/a61f327c6a81f0db6f0a9b218fd0495c?s=96&d=mm&r=g\",\"caption\":\"szske\"},\"sameAs\":[\"http:\/\/moyzeska.sk\"],\"url\":\"https:\/\/moyzeska.sk\/index.php\/author\/szske\/\"}]}<\/script>\n<!-- \/ Yoast SEO plugin. -->","yoast_head_json":{"title":"LABakad\u00e9mia - Stredn\u00e1 zdravotn\u00edcka \u0161kola, Moyzesova 17, Ko\u0161ice","robots":{"index":"index","follow":"follow","max-snippet":"max-snippet:-1","max-image-preview":"max-image-preview:large","max-video-preview":"max-video-preview:-1"},"canonical":"https:\/\/moyzeska.sk\/index.php\/2019\/10\/03\/labakademia\/","og_locale":"sk_SK","og_type":"article","og_title":"LABakad\u00e9mia - Stredn\u00e1 zdravotn\u00edcka \u0161kola, Moyzesova 17, Ko\u0161ice","og_description":"LABakademia \u2013 3. 10. 2019 D\u0148a 3.10.2019 sa uskuto\u010dnilo&nbsp;\u0161kolsk\u00e9 kolo LABakad\u00e9mie&nbsp;v priestoroch \u0160kolsk\u00e9ho intern\u00e1tu na Pova\u017eskej 7 v Ko\u0161iciach.&nbsp;\u017diaci \u0161tvrt\u00fdch ro\u010dn\u00edkov, v\u00ed\u0165azi triednych k\u00f4l, s\u00fa\u0165a\u017eili v prezent\u00e1cii semin\u00e1rnych pr\u00e1c, ktor\u00e9 vypracovali po\u010das s\u00favislej odbornej praxe v r\u00f4znych zdravotn\u00edckych zariadeniach. S\u00fa\u0165a\u017ee sa z\u00fa\u010dastnili aj v\u0161etci \u017eiaci tret\u00edch ro\u010dn\u00edkov. Cel\u00e1 s\u00fa\u0165a\u017e prebiehala v pr\u00edjemnej a pokojnej atmosf\u00e9re, &hellip;Zobrazi\u0165","og_url":"https:\/\/moyzeska.sk\/index.php\/2019\/10\/03\/labakademia\/","og_site_name":"Stredn\u00e1 zdravotn\u00edcka \u0161kola, Moyzesova 17, Ko\u0161ice","article_publisher":"https:\/\/www.facebook.com\/Moyzeska","article_published_time":"2019-10-03T14:00:27+00:00","article_modified_time":"2020-10-05T08:03:44+00:00","og_image":[{"width":1024,"height":768,"url":"https:\/\/moyzeska.sk\/wp-content\/uploads\/2020\/10\/snimok004.jpg","type":"image\/jpeg"}],"author":"szske","twitter_card":"summary_large_image","twitter_misc":{"Autor":"szske","Predpokladan\u00fd \u010das \u010d\u00edtania":"1 min\u00fata"},"schema":{"@context":"https:\/\/schema.org","@graph":[{"@type":"Article","@id":"https:\/\/moyzeska.sk\/index.php\/2019\/10\/03\/labakademia\/#article","isPartOf":{"@id":"https:\/\/moyzeska.sk\/index.php\/2019\/10\/03\/labakademia\/"},"author":{"name":"szske","@id":"https:\/\/moyzeska.sk\/#\/schema\/person\/ccacd20eb0ebd5802c810abfe2658b27"},"headline":"LABakad\u00e9mia","datePublished":"2019-10-03T14:00:27+00:00","dateModified":"2020-10-05T08:03:44+00:00","mainEntityOfPage":{"@id":"https:\/\/moyzeska.sk\/index.php\/2019\/10\/03\/labakademia\/"},"wordCount":259,"publisher":{"@id":"https:\/\/moyzeska.sk\/#organization"},"articleSection":["Foto 2019\/2020"],"inLanguage":"sk-SK"},{"@type":"WebPage","@id":"https:\/\/moyzeska.sk\/index.php\/2019\/10\/03\/labakademia\/","url":"https:\/\/moyzeska.sk\/index.php\/2019\/10\/03\/labakademia\/","name":"LABakad\u00e9mia - Stredn\u00e1 zdravotn\u00edcka \u0161kola, Moyzesova 17, Ko\u0161ice","isPartOf":{"@id":"https:\/\/moyzeska.sk\/#website"},"datePublished":"2019-10-03T14:00:27+00:00","dateModified":"2020-10-05T08:03:44+00:00","breadcrumb":{"@id":"https:\/\/moyzeska.sk\/index.php\/2019\/10\/03\/labakademia\/#breadcrumb"},"inLanguage":"sk-SK","potentialAction":[{"@type":"ReadAction","target":["https:\/\/moyzeska.sk\/index.php\/2019\/10\/03\/labakademia\/"]}]},{"@type":"BreadcrumbList","@id":"https:\/\/moyzeska.sk\/index.php\/2019\/10\/03\/labakademia\/#breadcrumb","itemListElement":[{"@type":"ListItem","position":1,"name":"Home","item":"https:\/\/moyzeska.sk\/"},{"@type":"ListItem","position":2,"name":"LABakad\u00e9mia"}]},{"@type":"WebSite","@id":"https:\/\/moyzeska.sk\/#website","url":"https:\/\/moyzeska.sk\/","name":"Stredn\u00e1 zdravotn\u00edcka \u0161kola, Moyzesova 17, Ko\u0161ice","description":"","publisher":{"@id":"https:\/\/moyzeska.sk\/#organization"},"potentialAction":[{"@type":"SearchAction","target":{"@type":"EntryPoint","urlTemplate":"https:\/\/moyzeska.sk\/?s={search_term_string}"},"query-input":"required name=search_term_string"}],"inLanguage":"sk-SK"},{"@type":"Organization","@id":"https:\/\/moyzeska.sk\/#organization","name":"Stredn\u00e1 zdravotn\u00edcka \u0161kola, Moyzesova 17, Ko\u0161ice","url":"https:\/\/moyzeska.sk\/","logo":{"@type":"ImageObject","inLanguage":"sk-SK","@id":"https:\/\/moyzeska.sk\/#\/schema\/logo\/image\/","url":"https:\/\/moyzeska.sk\/wp-content\/uploads\/2020\/09\/SZS-logo.png","contentUrl":"https:\/\/moyzeska.sk\/wp-content\/uploads\/2020\/09\/SZS-logo.png","width":300,"height":300,"caption":"Stredn\u00e1 zdravotn\u00edcka \u0161kola, Moyzesova 17, Ko\u0161ice"},"image":{"@id":"https:\/\/moyzeska.sk\/#\/schema\/logo\/image\/"},"sameAs":["https:\/\/www.facebook.com\/Moyzeska","https:\/\/www.instagram.com\/moyzeska\/"]},{"@type":"Person","@id":"https:\/\/moyzeska.sk\/#\/schema\/person\/ccacd20eb0ebd5802c810abfe2658b27","name":"szske","image":{"@type":"ImageObject","inLanguage":"sk-SK","@id":"https:\/\/moyzeska.sk\/#\/schema\/person\/image\/","url":"https:\/\/secure.gravatar.com\/avatar\/a61f327c6a81f0db6f0a9b218fd0495c?s=96&d=mm&r=g","contentUrl":"https:\/\/secure.gravatar.com\/avatar\/a61f327c6a81f0db6f0a9b218fd0495c?s=96&d=mm&r=g","caption":"szske"},"sameAs":["http:\/\/moyzeska.sk"],"url":"https:\/\/moyzeska.sk\/index.php\/author\/szske\/"}]}},"_links":{"self":[{"href":"https:\/\/moyzeska.sk\/index.php\/wp-json\/wp\/v2\/posts\/516"}],"collection":[{"href":"https:\/\/moyzeska.sk\/index.php\/wp-json\/wp\/v2\/posts"}],"about":[{"href":"https:\/\/moyzeska.sk\/index.php\/wp-json\/wp\/v2\/types\/post"}],"author":[{"embeddable":true,"href":"https:\/\/moyzeska.sk\/index.php\/wp-json\/wp\/v2\/users\/1"}],"replies":[{"embeddable":true,"href":"https:\/\/moyzeska.sk\/index.php\/wp-json\/wp\/v2\/comments?post=516"}],"version-history":[{"count":1,"href":"https:\/\/moyzeska.sk\/index.php\/wp-json\/wp\/v2\/posts\/516\/revisions"}],"predecessor-version":[{"id":519,"href":"https:\/\/moyzeska.sk\/index.php\/wp-json\/wp\/v2\/posts\/516\/revisions\/519"}],"wp:featuredmedia":[{"embeddable":true,"href":"https:\/\/moyzeska.sk\/index.php\/wp-json\/wp\/v2\/media\/518"}],"wp:attachment":[{"href":"https:\/\/moyzeska.sk\/index.php\/wp-json\/wp\/v2\/media?parent=516"}],"wp:term":[{"taxonomy":"category","embeddable":true,"href":"https:\/\/moyzeska.sk\/index.php\/wp-json\/wp\/v2\/categories?post=516"},{"taxonomy":"post_tag","embeddable":true,"href":"https:\/\/moyzeska.sk\/index.php\/wp-json\/wp\/v2\/tags?post=516"}],"curies":[{"name":"wp","href":"https:\/\/api.w.org\/{rel}","templated":true}]}}