{"id":4557,"date":"2023-05-05T07:19:16","date_gmt":"2023-05-05T05:19:16","guid":{"rendered":"https:\/\/moyzeska.sk\/?p=4557"},"modified":"2023-05-12T20:40:05","modified_gmt":"2023-05-12T18:40:05","slug":"diplomovany-optometrista-2","status":"publish","type":"post","link":"https:\/\/moyzeska.sk\/index.php\/2023\/05\/05\/diplomovany-optometrista-2\/","title":{"rendered":"Diplomovan\u00fd optometrista"},"content":{"rendered":"\n<p>V&nbsp;nasleduj\u00facom \u0161k. roku 2023\/2024 otv\u00e1rame \u0161tudijn\u00fd odbor&nbsp;<strong>DIPLOMOVAN\u00dd OPTOMETRISTA.<\/strong><\/p>\n\n\n\n<p><strong>Prv\u00fd term\u00edn<\/strong>&nbsp;prij\u00edmac\u00edch sk\u00fa\u0161ok sa uskuto\u010dn\u00ed d\u0148a&nbsp;<strong>26. 6. 2023<\/strong>&nbsp;(pondelok).<\/p>\n\n\n\n<p><strong>Druh\u00fd term\u00edn<\/strong>&nbsp;sa uskuto\u010dn\u00ed len v pr\u00edpade nenaplnenia triedy v 1. term\u00edne.<\/p>\n\n\n\n<p>Prihl\u00e1\u0161ky na \u0161t\u00fadium sa zasielaj\u00fa&nbsp;<strong>do 31. m\u00e1ja 2023.<\/strong><\/p>\n\n\n\n<div class=\"wp-block-file\"><a href=\"https:\/\/moyzeska.sk\/wp-content\/uploads\/2023\/05\/DOM.pdf\">Prihl\u00e1\u0161ka DOM 2023-2024<\/a><a href=\"https:\/\/moyzeska.sk\/wp-content\/uploads\/2023\/05\/DOM.pdf\" class=\"wp-block-file__button\" download>Stiahnu\u0165<\/a><\/div>\n\n\n\n<p>Krit\u00e9ria pre prijatie uch\u00e1dza\u010dov do I. ro\u010dn\u00edka si m\u00f4\u017eete pozrie\u0165 tu: <\/p>\n\n\n\n<div class=\"wp-block-file\"><a href=\"https:\/\/moyzeska.sk\/wp-content\/uploads\/2023\/05\/DOM_kriteria_23-24.pdf\">Krit\u00e9ria DOM 2023-2024<\/a><a href=\"https:\/\/moyzeska.sk\/wp-content\/uploads\/2023\/05\/DOM_kriteria_23-24.pdf\" class=\"wp-block-file__button\" download>Stiahnu\u0165<\/a><\/div>\n\n\n\n<p>Okruhy t\u00e9m pre odbor diplomovan\u00fd optometrista:<\/p>\n\n\n\n<div class=\"wp-block-file\"><a href=\"https:\/\/moyzeska.sk\/wp-content\/uploads\/2023\/05\/OKRUHY_DOM_2023.pdf\">Okruhy t\u00e9m DOM 2023-2024<\/a><a href=\"https:\/\/moyzeska.sk\/wp-content\/uploads\/2023\/05\/OKRUHY_DOM_2023.pdf\" class=\"wp-block-file__button\" download>Stiahnu\u0165<\/a><\/div>\n","protected":false},"excerpt":{"rendered":"<p>V&nbsp;nasleduj\u00facom \u0161k. roku 2023\/2024 otv\u00e1rame \u0161tudijn\u00fd odbor&nbsp;DIPLOMOVAN\u00dd OPTOMETRISTA. Prv\u00fd term\u00edn&nbsp;prij\u00edmac\u00edch sk\u00fa\u0161ok sa uskuto\u010dn\u00ed d\u0148a&nbsp;26. 6. 2023&nbsp;(pondelok). Druh\u00fd term\u00edn&nbsp;sa uskuto\u010dn\u00ed len v pr\u00edpade nenaplnenia triedy v 1. term\u00edne. Prihl\u00e1\u0161ky na \u0161t\u00fadium sa zasielaj\u00fa&nbsp;do 31. m\u00e1ja 2023. Krit\u00e9ria pre prijatie uch\u00e1dza\u010dov do I. ro\u010dn\u00edka si m\u00f4\u017eete pozrie\u0165 tu: Okruhy t\u00e9m pre odbor diplomovan\u00fd optometrista:<\/p>\n","protected":false},"author":1,"featured_media":0,"comment_status":"closed","ping_status":"closed","sticky":false,"template":"","format":"standard","meta":{"_monsterinsights_skip_tracking":false,"_monsterinsights_sitenote_active":false,"_monsterinsights_sitenote_note":"","_monsterinsights_sitenote_category":0},"categories":[1],"tags":[],"yoast_head":"<!-- This site is optimized with the Yoast SEO plugin v21.8.1 - https:\/\/yoast.com\/wordpress\/plugins\/seo\/ -->\n<title>Diplomovan\u00fd optometrista - Stredn\u00e1 zdravotn\u00edcka \u0161kola, Moyzesova 17, Ko\u0161ice<\/title>\n<meta name=\"robots\" content=\"index, follow, max-snippet:-1, max-image-preview:large, max-video-preview:-1\" \/>\n<link rel=\"canonical\" href=\"https:\/\/moyzeska.sk\/index.php\/2023\/05\/05\/diplomovany-optometrista-2\/\" \/>\n<meta property=\"og:locale\" content=\"sk_SK\" \/>\n<meta property=\"og:type\" content=\"article\" \/>\n<meta property=\"og:title\" content=\"Diplomovan\u00fd optometrista - Stredn\u00e1 zdravotn\u00edcka \u0161kola, Moyzesova 17, Ko\u0161ice\" \/>\n<meta property=\"og:description\" content=\"V&nbsp;nasleduj\u00facom \u0161k. roku 2023\/2024 otv\u00e1rame \u0161tudijn\u00fd odbor&nbsp;DIPLOMOVAN\u00dd OPTOMETRISTA. Prv\u00fd term\u00edn&nbsp;prij\u00edmac\u00edch sk\u00fa\u0161ok sa uskuto\u010dn\u00ed d\u0148a&nbsp;26. 6. 2023&nbsp;(pondelok). Druh\u00fd term\u00edn&nbsp;sa uskuto\u010dn\u00ed len v pr\u00edpade nenaplnenia triedy v 1. term\u00edne. Prihl\u00e1\u0161ky na \u0161t\u00fadium sa zasielaj\u00fa&nbsp;do 31. m\u00e1ja 2023. Krit\u00e9ria pre prijatie uch\u00e1dza\u010dov do I. ro\u010dn\u00edka si m\u00f4\u017eete pozrie\u0165 tu: Okruhy t\u00e9m pre odbor diplomovan\u00fd optometrista:\" \/>\n<meta property=\"og:url\" content=\"https:\/\/moyzeska.sk\/index.php\/2023\/05\/05\/diplomovany-optometrista-2\/\" \/>\n<meta property=\"og:site_name\" content=\"Stredn\u00e1 zdravotn\u00edcka \u0161kola, Moyzesova 17, Ko\u0161ice\" \/>\n<meta property=\"article:publisher\" content=\"https:\/\/www.facebook.com\/Moyzeska\" \/>\n<meta property=\"article:published_time\" content=\"2023-05-05T05:19:16+00:00\" \/>\n<meta property=\"article:modified_time\" content=\"2023-05-12T18:40:05+00:00\" \/>\n<meta name=\"author\" content=\"szske\" \/>\n<meta name=\"twitter:card\" content=\"summary_large_image\" \/>\n<meta name=\"twitter:label1\" content=\"Autor\" \/>\n\t<meta name=\"twitter:data1\" content=\"szske\" \/>\n\t<meta name=\"twitter:label2\" content=\"Predpokladan\u00fd \u010das \u010d\u00edtania\" \/>\n\t<meta name=\"twitter:data2\" content=\"1 min\u00fata\" \/>\n<script type=\"application\/ld+json\" class=\"yoast-schema-graph\">{\"@context\":\"https:\/\/schema.org\",\"@graph\":[{\"@type\":\"Article\",\"@id\":\"https:\/\/moyzeska.sk\/index.php\/2023\/05\/05\/diplomovany-optometrista-2\/#article\",\"isPartOf\":{\"@id\":\"https:\/\/moyzeska.sk\/index.php\/2023\/05\/05\/diplomovany-optometrista-2\/\"},\"author\":{\"name\":\"szske\",\"@id\":\"https:\/\/moyzeska.sk\/#\/schema\/person\/ccacd20eb0ebd5802c810abfe2658b27\"},\"headline\":\"Diplomovan\u00fd optometrista\",\"datePublished\":\"2023-05-05T05:19:16+00:00\",\"dateModified\":\"2023-05-12T18:40:05+00:00\",\"mainEntityOfPage\":{\"@id\":\"https:\/\/moyzeska.sk\/index.php\/2023\/05\/05\/diplomovany-optometrista-2\/\"},\"wordCount\":99,\"publisher\":{\"@id\":\"https:\/\/moyzeska.sk\/#organization\"},\"inLanguage\":\"sk-SK\"},{\"@type\":\"WebPage\",\"@id\":\"https:\/\/moyzeska.sk\/index.php\/2023\/05\/05\/diplomovany-optometrista-2\/\",\"url\":\"https:\/\/moyzeska.sk\/index.php\/2023\/05\/05\/diplomovany-optometrista-2\/\",\"name\":\"Diplomovan\u00fd optometrista - Stredn\u00e1 zdravotn\u00edcka \u0161kola, Moyzesova 17, Ko\u0161ice\",\"isPartOf\":{\"@id\":\"https:\/\/moyzeska.sk\/#website\"},\"datePublished\":\"2023-05-05T05:19:16+00:00\",\"dateModified\":\"2023-05-12T18:40:05+00:00\",\"breadcrumb\":{\"@id\":\"https:\/\/moyzeska.sk\/index.php\/2023\/05\/05\/diplomovany-optometrista-2\/#breadcrumb\"},\"inLanguage\":\"sk-SK\",\"potentialAction\":[{\"@type\":\"ReadAction\",\"target\":[\"https:\/\/moyzeska.sk\/index.php\/2023\/05\/05\/diplomovany-optometrista-2\/\"]}]},{\"@type\":\"BreadcrumbList\",\"@id\":\"https:\/\/moyzeska.sk\/index.php\/2023\/05\/05\/diplomovany-optometrista-2\/#breadcrumb\",\"itemListElement\":[{\"@type\":\"ListItem\",\"position\":1,\"name\":\"Home\",\"item\":\"https:\/\/moyzeska.sk\/\"},{\"@type\":\"ListItem\",\"position\":2,\"name\":\"Diplomovan\u00fd optometrista\"}]},{\"@type\":\"WebSite\",\"@id\":\"https:\/\/moyzeska.sk\/#website\",\"url\":\"https:\/\/moyzeska.sk\/\",\"name\":\"Stredn\u00e1 zdravotn\u00edcka \u0161kola, Moyzesova 17, Ko\u0161ice\",\"description\":\"\",\"publisher\":{\"@id\":\"https:\/\/moyzeska.sk\/#organization\"},\"potentialAction\":[{\"@type\":\"SearchAction\",\"target\":{\"@type\":\"EntryPoint\",\"urlTemplate\":\"https:\/\/moyzeska.sk\/?s={search_term_string}\"},\"query-input\":\"required name=search_term_string\"}],\"inLanguage\":\"sk-SK\"},{\"@type\":\"Organization\",\"@id\":\"https:\/\/moyzeska.sk\/#organization\",\"name\":\"Stredn\u00e1 zdravotn\u00edcka \u0161kola, Moyzesova 17, Ko\u0161ice\",\"url\":\"https:\/\/moyzeska.sk\/\",\"logo\":{\"@type\":\"ImageObject\",\"inLanguage\":\"sk-SK\",\"@id\":\"https:\/\/moyzeska.sk\/#\/schema\/logo\/image\/\",\"url\":\"https:\/\/moyzeska.sk\/wp-content\/uploads\/2020\/09\/SZS-logo.png\",\"contentUrl\":\"https:\/\/moyzeska.sk\/wp-content\/uploads\/2020\/09\/SZS-logo.png\",\"width\":300,\"height\":300,\"caption\":\"Stredn\u00e1 zdravotn\u00edcka \u0161kola, Moyzesova 17, Ko\u0161ice\"},\"image\":{\"@id\":\"https:\/\/moyzeska.sk\/#\/schema\/logo\/image\/\"},\"sameAs\":[\"https:\/\/www.facebook.com\/Moyzeska\",\"https:\/\/www.instagram.com\/moyzeska\/\"]},{\"@type\":\"Person\",\"@id\":\"https:\/\/moyzeska.sk\/#\/schema\/person\/ccacd20eb0ebd5802c810abfe2658b27\",\"name\":\"szske\",\"image\":{\"@type\":\"ImageObject\",\"inLanguage\":\"sk-SK\",\"@id\":\"https:\/\/moyzeska.sk\/#\/schema\/person\/image\/\",\"url\":\"https:\/\/secure.gravatar.com\/avatar\/a61f327c6a81f0db6f0a9b218fd0495c?s=96&d=mm&r=g\",\"contentUrl\":\"https:\/\/secure.gravatar.com\/avatar\/a61f327c6a81f0db6f0a9b218fd0495c?s=96&d=mm&r=g\",\"caption\":\"szske\"},\"sameAs\":[\"http:\/\/moyzeska.sk\"],\"url\":\"https:\/\/moyzeska.sk\/index.php\/author\/szske\/\"}]}<\/script>\n<!-- \/ Yoast SEO plugin. -->","yoast_head_json":{"title":"Diplomovan\u00fd optometrista - Stredn\u00e1 zdravotn\u00edcka \u0161kola, Moyzesova 17, Ko\u0161ice","robots":{"index":"index","follow":"follow","max-snippet":"max-snippet:-1","max-image-preview":"max-image-preview:large","max-video-preview":"max-video-preview:-1"},"canonical":"https:\/\/moyzeska.sk\/index.php\/2023\/05\/05\/diplomovany-optometrista-2\/","og_locale":"sk_SK","og_type":"article","og_title":"Diplomovan\u00fd optometrista - Stredn\u00e1 zdravotn\u00edcka \u0161kola, Moyzesova 17, Ko\u0161ice","og_description":"V&nbsp;nasleduj\u00facom \u0161k. roku 2023\/2024 otv\u00e1rame \u0161tudijn\u00fd odbor&nbsp;DIPLOMOVAN\u00dd OPTOMETRISTA. Prv\u00fd term\u00edn&nbsp;prij\u00edmac\u00edch sk\u00fa\u0161ok sa uskuto\u010dn\u00ed d\u0148a&nbsp;26. 6. 2023&nbsp;(pondelok). Druh\u00fd term\u00edn&nbsp;sa uskuto\u010dn\u00ed len v pr\u00edpade nenaplnenia triedy v 1. term\u00edne. Prihl\u00e1\u0161ky na \u0161t\u00fadium sa zasielaj\u00fa&nbsp;do 31. m\u00e1ja 2023. Krit\u00e9ria pre prijatie uch\u00e1dza\u010dov do I. ro\u010dn\u00edka si m\u00f4\u017eete pozrie\u0165 tu: Okruhy t\u00e9m pre odbor diplomovan\u00fd optometrista:","og_url":"https:\/\/moyzeska.sk\/index.php\/2023\/05\/05\/diplomovany-optometrista-2\/","og_site_name":"Stredn\u00e1 zdravotn\u00edcka \u0161kola, Moyzesova 17, Ko\u0161ice","article_publisher":"https:\/\/www.facebook.com\/Moyzeska","article_published_time":"2023-05-05T05:19:16+00:00","article_modified_time":"2023-05-12T18:40:05+00:00","author":"szske","twitter_card":"summary_large_image","twitter_misc":{"Autor":"szske","Predpokladan\u00fd \u010das \u010d\u00edtania":"1 min\u00fata"},"schema":{"@context":"https:\/\/schema.org","@graph":[{"@type":"Article","@id":"https:\/\/moyzeska.sk\/index.php\/2023\/05\/05\/diplomovany-optometrista-2\/#article","isPartOf":{"@id":"https:\/\/moyzeska.sk\/index.php\/2023\/05\/05\/diplomovany-optometrista-2\/"},"author":{"name":"szske","@id":"https:\/\/moyzeska.sk\/#\/schema\/person\/ccacd20eb0ebd5802c810abfe2658b27"},"headline":"Diplomovan\u00fd optometrista","datePublished":"2023-05-05T05:19:16+00:00","dateModified":"2023-05-12T18:40:05+00:00","mainEntityOfPage":{"@id":"https:\/\/moyzeska.sk\/index.php\/2023\/05\/05\/diplomovany-optometrista-2\/"},"wordCount":99,"publisher":{"@id":"https:\/\/moyzeska.sk\/#organization"},"inLanguage":"sk-SK"},{"@type":"WebPage","@id":"https:\/\/moyzeska.sk\/index.php\/2023\/05\/05\/diplomovany-optometrista-2\/","url":"https:\/\/moyzeska.sk\/index.php\/2023\/05\/05\/diplomovany-optometrista-2\/","name":"Diplomovan\u00fd optometrista - Stredn\u00e1 zdravotn\u00edcka \u0161kola, Moyzesova 17, Ko\u0161ice","isPartOf":{"@id":"https:\/\/moyzeska.sk\/#website"},"datePublished":"2023-05-05T05:19:16+00:00","dateModified":"2023-05-12T18:40:05+00:00","breadcrumb":{"@id":"https:\/\/moyzeska.sk\/index.php\/2023\/05\/05\/diplomovany-optometrista-2\/#breadcrumb"},"inLanguage":"sk-SK","potentialAction":[{"@type":"ReadAction","target":["https:\/\/moyzeska.sk\/index.php\/2023\/05\/05\/diplomovany-optometrista-2\/"]}]},{"@type":"BreadcrumbList","@id":"https:\/\/moyzeska.sk\/index.php\/2023\/05\/05\/diplomovany-optometrista-2\/#breadcrumb","itemListElement":[{"@type":"ListItem","position":1,"name":"Home","item":"https:\/\/moyzeska.sk\/"},{"@type":"ListItem","position":2,"name":"Diplomovan\u00fd optometrista"}]},{"@type":"WebSite","@id":"https:\/\/moyzeska.sk\/#website","url":"https:\/\/moyzeska.sk\/","name":"Stredn\u00e1 zdravotn\u00edcka \u0161kola, Moyzesova 17, Ko\u0161ice","description":"","publisher":{"@id":"https:\/\/moyzeska.sk\/#organization"},"potentialAction":[{"@type":"SearchAction","target":{"@type":"EntryPoint","urlTemplate":"https:\/\/moyzeska.sk\/?s={search_term_string}"},"query-input":"required name=search_term_string"}],"inLanguage":"sk-SK"},{"@type":"Organization","@id":"https:\/\/moyzeska.sk\/#organization","name":"Stredn\u00e1 zdravotn\u00edcka \u0161kola, Moyzesova 17, Ko\u0161ice","url":"https:\/\/moyzeska.sk\/","logo":{"@type":"ImageObject","inLanguage":"sk-SK","@id":"https:\/\/moyzeska.sk\/#\/schema\/logo\/image\/","url":"https:\/\/moyzeska.sk\/wp-content\/uploads\/2020\/09\/SZS-logo.png","contentUrl":"https:\/\/moyzeska.sk\/wp-content\/uploads\/2020\/09\/SZS-logo.png","width":300,"height":300,"caption":"Stredn\u00e1 zdravotn\u00edcka \u0161kola, Moyzesova 17, Ko\u0161ice"},"image":{"@id":"https:\/\/moyzeska.sk\/#\/schema\/logo\/image\/"},"sameAs":["https:\/\/www.facebook.com\/Moyzeska","https:\/\/www.instagram.com\/moyzeska\/"]},{"@type":"Person","@id":"https:\/\/moyzeska.sk\/#\/schema\/person\/ccacd20eb0ebd5802c810abfe2658b27","name":"szske","image":{"@type":"ImageObject","inLanguage":"sk-SK","@id":"https:\/\/moyzeska.sk\/#\/schema\/person\/image\/","url":"https:\/\/secure.gravatar.com\/avatar\/a61f327c6a81f0db6f0a9b218fd0495c?s=96&d=mm&r=g","contentUrl":"https:\/\/secure.gravatar.com\/avatar\/a61f327c6a81f0db6f0a9b218fd0495c?s=96&d=mm&r=g","caption":"szske"},"sameAs":["http:\/\/moyzeska.sk"],"url":"https:\/\/moyzeska.sk\/index.php\/author\/szske\/"}]}},"_links":{"self":[{"href":"https:\/\/moyzeska.sk\/index.php\/wp-json\/wp\/v2\/posts\/4557"}],"collection":[{"href":"https:\/\/moyzeska.sk\/index.php\/wp-json\/wp\/v2\/posts"}],"about":[{"href":"https:\/\/moyzeska.sk\/index.php\/wp-json\/wp\/v2\/types\/post"}],"author":[{"embeddable":true,"href":"https:\/\/moyzeska.sk\/index.php\/wp-json\/wp\/v2\/users\/1"}],"replies":[{"embeddable":true,"href":"https:\/\/moyzeska.sk\/index.php\/wp-json\/wp\/v2\/comments?post=4557"}],"version-history":[{"count":2,"href":"https:\/\/moyzeska.sk\/index.php\/wp-json\/wp\/v2\/posts\/4557\/revisions"}],"predecessor-version":[{"id":4664,"href":"https:\/\/moyzeska.sk\/index.php\/wp-json\/wp\/v2\/posts\/4557\/revisions\/4664"}],"wp:attachment":[{"href":"https:\/\/moyzeska.sk\/index.php\/wp-json\/wp\/v2\/media?parent=4557"}],"wp:term":[{"taxonomy":"category","embeddable":true,"href":"https:\/\/moyzeska.sk\/index.php\/wp-json\/wp\/v2\/categories?post=4557"},{"taxonomy":"post_tag","embeddable":true,"href":"https:\/\/moyzeska.sk\/index.php\/wp-json\/wp\/v2\/tags?post=4557"}],"curies":[{"name":"wp","href":"https:\/\/api.w.org\/{rel}","templated":true}]}}