{"id":2956,"date":"2021-08-30T14:33:33","date_gmt":"2021-08-30T12:33:33","guid":{"rendered":"https:\/\/moyzeska.sk\/?p=2956"},"modified":"2021-09-01T12:13:47","modified_gmt":"2021-09-01T10:13:47","slug":"zaciatok-skolskeho-roka-2021-2022","status":"publish","type":"post","link":"https:\/\/moyzeska.sk\/index.php\/2021\/08\/30\/zaciatok-skolskeho-roka-2021-2022\/","title":{"rendered":"Za\u010diatok \u0161kolsk\u00e9ho roka 2021\/2022"},"content":{"rendered":"\n<p>Mil\u00ed \u017eiaci, sl\u00e1vnostn\u00e9 otvorenie \u0161kolsk\u00e9ho roka 2021\/2022 na Strednej zdravotn\u00edckej \u0161kole bude d\u0148a <strong>2.9.2021<\/strong>.<\/p>\n\n\n\n<p>Pr\u00edchod \u017eiakov do \u0161koly je:<\/p>\n\n\n\n<p><strong>8:30<\/strong> \u2013 II. ro\u010dn\u00edky<\/p>\n\n\n\n<p><strong>9:00<\/strong> \u2013 III. ro\u010dn\u00edky<\/p>\n\n\n\n<p><strong>9:30<\/strong> \u2013 IV. ro\u010dn\u00edky<\/p>\n\n\n\n<p><strong>10:00<\/strong> \u2013 II. ZT, II. DRA<\/p>\n\n\n\n<p><strong>10:00<\/strong> \u2013 \u017eiaci prv\u00fdch ro\u010dn\u00edkov<\/p>\n\n\n\n<p><strong>&nbsp;Povinnosti pri n\u00e1stupe do \u0161koly:<\/strong><\/p>\n\n\n\n<ul><li><em>\u017diak mus\u00ed ma\u0165 <strong>prekryt\u00e9 horn\u00e9 d\u00fdchacie cesty<\/strong> po\u010das cel\u00e9ho vyu\u010dovania&nbsp;(pobytu v \u0161kole) pod\u013ea aktu\u00e1lne platnej vyhl\u00e1\u0161ky \u00daradu verejn\u00e9ho zdravotn\u00edctva SR.<\/em><\/li><li><em>Pri vstupe do budovy \u0161koly si ka\u017ed\u00fd \u017eiak <strong>vydezinfikuje ruky<\/strong> a&nbsp;prejde <strong>rann\u00fdm filtrom<\/strong>.<\/em><\/li><\/ul>\n\n\n\n<ul><li><em>Pri prvom n\u00e1stupe do \u0161koly (prv\u00fd de\u0148 2.9.2021)&nbsp;a po ka\u017edom preru\u0161en\u00ed doch\u00e1dzky do \u0161koly, ktor\u00e9 trv\u00e1 3 a viac po sebe nasleduj\u00facich dn\u00ed rodi\u010d neplnolet\u00e9ho \u017eiaka\/plnolet\u00fd \u017eiak predlo\u017e\u00ed \u0161kole&nbsp;\u201e<strong>P\u00edsomn\u00e9 vyhl\u00e1senie o bezpr\u00edznakovosti<\/strong>\u201c&nbsp;\u017eiaka.<\/em><\/li><\/ul>\n\n\n\n<div class=\"wp-block-file\"><a href=\"https:\/\/moyzeska.sk\/wp-content\/uploads\/2021\/08\/pisomne_vyhlasenie_o_bepriznakovosti.docx\">P\u00edsomn\u00e9 vyhl\u00e1senie o bepr\u00edznakovosti<\/a><a href=\"https:\/\/moyzeska.sk\/wp-content\/uploads\/2021\/08\/pisomne_vyhlasenie_o_bepriznakovosti.docx\" class=\"wp-block-file__button\" download>Stiahnu\u0165<\/a><\/div>\n\n\n\n<p><em>\u017diadame vyplni\u0165 prioritne elektronicky cez Edupage (cez po\u010d\u00edta\u010d, resp. mobiln\u00fa aplik\u00e1ciu).<\/em><\/p>\n\n\n\n<p><em>Pozn\u00e1mka: Vyhl\u00e1senie m\u00f4\u017ee vyplni\u0165 plnolet\u00fd \u017eiak, resp. z\u00e1konn\u00fd z\u00e1stupca.<\/em> <a href=\"https:\/\/help.edupage.org\/?lang_id=2&amp;p=u38\/u178\/u2462\" target=\"_blank\" rel=\"noreferrer noopener\">N\u00e1vod n\u00e1jdete TU<\/a><\/p>\n\n\n\n<ul><li><em>\u0160kola sa riadi\u00a0<strong>\u0161kolsk\u00fdm semaforom<\/strong>\u00a0schv\u00e1len\u00fdm 17.8.2021, ktor\u00e9 vydalo Ministerstvo \u0161kolstva, vedy, v\u00fdskumu a \u0161portu SR<\/em> <\/li><\/ul>\n\n\n\n<div class=\"wp-block-file\"><a href=\"https:\/\/moyzeska.sk\/wp-content\/uploads\/2021\/08\/skolsky_semafor_2021-2022.pdf\">\u0160kolsk\u00fd semafor 2021\/2022<\/a><a href=\"https:\/\/moyzeska.sk\/wp-content\/uploads\/2021\/08\/skolsky_semafor_2021-2022.pdf\" class=\"wp-block-file__button\" download>Stiahnu\u0165<\/a><\/div>\n\n\n\n<p>Te\u0161\u00edme sa na V\u00e1s v tomto \u0161kolskom roku!<\/p>\n","protected":false},"excerpt":{"rendered":"<p>Mil\u00ed \u017eiaci, sl\u00e1vnostn\u00e9 otvorenie \u0161kolsk\u00e9ho roka 2021\/2022 na Strednej zdravotn\u00edckej \u0161kole bude d\u0148a 2.9.2021. Pr\u00edchod \u017eiakov do \u0161koly je: 8:30 \u2013 II. ro\u010dn\u00edky 9:00 \u2013 III. ro\u010dn\u00edky 9:30 \u2013 IV. ro\u010dn\u00edky 10:00 \u2013 II. ZT, II. DRA 10:00 \u2013 \u017eiaci prv\u00fdch ro\u010dn\u00edkov &nbsp;Povinnosti pri n\u00e1stupe do \u0161koly: \u017diak mus\u00ed ma\u0165 prekryt\u00e9 horn\u00e9 d\u00fdchacie cesty po\u010das &hellip;<br \/><a href=\"https:\/\/moyzeska.sk\/index.php\/2021\/08\/30\/zaciatok-skolskeho-roka-2021-2022\/\" class=\"more-link pen_button pen_element_default pen_icon_arrow_double\">Zobrazi\u0165<\/a><\/p>\n","protected":false},"author":1,"featured_media":0,"comment_status":"closed","ping_status":"closed","sticky":false,"template":"","format":"standard","meta":{"_monsterinsights_skip_tracking":false,"_monsterinsights_sitenote_active":false,"_monsterinsights_sitenote_note":"","_monsterinsights_sitenote_category":0},"categories":[1],"tags":[],"yoast_head":"<!-- This site is optimized with the Yoast SEO plugin v21.8.1 - https:\/\/yoast.com\/wordpress\/plugins\/seo\/ -->\n<title>Za\u010diatok \u0161kolsk\u00e9ho roka 2021\/2022 - Stredn\u00e1 zdravotn\u00edcka \u0161kola, Moyzesova 17, Ko\u0161ice<\/title>\n<meta name=\"robots\" content=\"index, follow, max-snippet:-1, max-image-preview:large, max-video-preview:-1\" \/>\n<link rel=\"canonical\" href=\"https:\/\/moyzeska.sk\/index.php\/2021\/08\/30\/zaciatok-skolskeho-roka-2021-2022\/\" \/>\n<meta property=\"og:locale\" content=\"sk_SK\" \/>\n<meta property=\"og:type\" content=\"article\" \/>\n<meta property=\"og:title\" content=\"Za\u010diatok \u0161kolsk\u00e9ho roka 2021\/2022 - Stredn\u00e1 zdravotn\u00edcka \u0161kola, Moyzesova 17, Ko\u0161ice\" \/>\n<meta property=\"og:description\" content=\"Mil\u00ed \u017eiaci, sl\u00e1vnostn\u00e9 otvorenie \u0161kolsk\u00e9ho roka 2021\/2022 na Strednej zdravotn\u00edckej \u0161kole bude d\u0148a 2.9.2021. Pr\u00edchod \u017eiakov do \u0161koly je: 8:30 \u2013 II. ro\u010dn\u00edky 9:00 \u2013 III. ro\u010dn\u00edky 9:30 \u2013 IV. ro\u010dn\u00edky 10:00 \u2013 II. ZT, II. DRA 10:00 \u2013 \u017eiaci prv\u00fdch ro\u010dn\u00edkov &nbsp;Povinnosti pri n\u00e1stupe do \u0161koly: \u017diak mus\u00ed ma\u0165 prekryt\u00e9 horn\u00e9 d\u00fdchacie cesty po\u010das &hellip;Zobrazi\u0165\" \/>\n<meta property=\"og:url\" content=\"https:\/\/moyzeska.sk\/index.php\/2021\/08\/30\/zaciatok-skolskeho-roka-2021-2022\/\" \/>\n<meta property=\"og:site_name\" content=\"Stredn\u00e1 zdravotn\u00edcka \u0161kola, Moyzesova 17, Ko\u0161ice\" \/>\n<meta property=\"article:publisher\" content=\"https:\/\/www.facebook.com\/Moyzeska\" \/>\n<meta property=\"article:published_time\" content=\"2021-08-30T12:33:33+00:00\" \/>\n<meta property=\"article:modified_time\" content=\"2021-09-01T10:13:47+00:00\" \/>\n<meta name=\"author\" content=\"szske\" \/>\n<meta name=\"twitter:card\" content=\"summary_large_image\" \/>\n<meta name=\"twitter:label1\" content=\"Autor\" \/>\n\t<meta name=\"twitter:data1\" content=\"szske\" \/>\n\t<meta name=\"twitter:label2\" content=\"Predpokladan\u00fd \u010das \u010d\u00edtania\" \/>\n\t<meta name=\"twitter:data2\" content=\"1 min\u00fata\" \/>\n<script type=\"application\/ld+json\" class=\"yoast-schema-graph\">{\"@context\":\"https:\/\/schema.org\",\"@graph\":[{\"@type\":\"Article\",\"@id\":\"https:\/\/moyzeska.sk\/index.php\/2021\/08\/30\/zaciatok-skolskeho-roka-2021-2022\/#article\",\"isPartOf\":{\"@id\":\"https:\/\/moyzeska.sk\/index.php\/2021\/08\/30\/zaciatok-skolskeho-roka-2021-2022\/\"},\"author\":{\"name\":\"szske\",\"@id\":\"https:\/\/moyzeska.sk\/#\/schema\/person\/ccacd20eb0ebd5802c810abfe2658b27\"},\"headline\":\"Za\u010diatok \u0161kolsk\u00e9ho roka 2021\/2022\",\"datePublished\":\"2021-08-30T12:33:33+00:00\",\"dateModified\":\"2021-09-01T10:13:47+00:00\",\"mainEntityOfPage\":{\"@id\":\"https:\/\/moyzeska.sk\/index.php\/2021\/08\/30\/zaciatok-skolskeho-roka-2021-2022\/\"},\"wordCount\":222,\"publisher\":{\"@id\":\"https:\/\/moyzeska.sk\/#organization\"},\"inLanguage\":\"sk-SK\"},{\"@type\":\"WebPage\",\"@id\":\"https:\/\/moyzeska.sk\/index.php\/2021\/08\/30\/zaciatok-skolskeho-roka-2021-2022\/\",\"url\":\"https:\/\/moyzeska.sk\/index.php\/2021\/08\/30\/zaciatok-skolskeho-roka-2021-2022\/\",\"name\":\"Za\u010diatok \u0161kolsk\u00e9ho roka 2021\/2022 - Stredn\u00e1 zdravotn\u00edcka \u0161kola, Moyzesova 17, Ko\u0161ice\",\"isPartOf\":{\"@id\":\"https:\/\/moyzeska.sk\/#website\"},\"datePublished\":\"2021-08-30T12:33:33+00:00\",\"dateModified\":\"2021-09-01T10:13:47+00:00\",\"breadcrumb\":{\"@id\":\"https:\/\/moyzeska.sk\/index.php\/2021\/08\/30\/zaciatok-skolskeho-roka-2021-2022\/#breadcrumb\"},\"inLanguage\":\"sk-SK\",\"potentialAction\":[{\"@type\":\"ReadAction\",\"target\":[\"https:\/\/moyzeska.sk\/index.php\/2021\/08\/30\/zaciatok-skolskeho-roka-2021-2022\/\"]}]},{\"@type\":\"BreadcrumbList\",\"@id\":\"https:\/\/moyzeska.sk\/index.php\/2021\/08\/30\/zaciatok-skolskeho-roka-2021-2022\/#breadcrumb\",\"itemListElement\":[{\"@type\":\"ListItem\",\"position\":1,\"name\":\"Home\",\"item\":\"https:\/\/moyzeska.sk\/\"},{\"@type\":\"ListItem\",\"position\":2,\"name\":\"Za\u010diatok \u0161kolsk\u00e9ho roka 2021\/2022\"}]},{\"@type\":\"WebSite\",\"@id\":\"https:\/\/moyzeska.sk\/#website\",\"url\":\"https:\/\/moyzeska.sk\/\",\"name\":\"Stredn\u00e1 zdravotn\u00edcka \u0161kola, Moyzesova 17, Ko\u0161ice\",\"description\":\"\",\"publisher\":{\"@id\":\"https:\/\/moyzeska.sk\/#organization\"},\"potentialAction\":[{\"@type\":\"SearchAction\",\"target\":{\"@type\":\"EntryPoint\",\"urlTemplate\":\"https:\/\/moyzeska.sk\/?s={search_term_string}\"},\"query-input\":\"required name=search_term_string\"}],\"inLanguage\":\"sk-SK\"},{\"@type\":\"Organization\",\"@id\":\"https:\/\/moyzeska.sk\/#organization\",\"name\":\"Stredn\u00e1 zdravotn\u00edcka \u0161kola, Moyzesova 17, Ko\u0161ice\",\"url\":\"https:\/\/moyzeska.sk\/\",\"logo\":{\"@type\":\"ImageObject\",\"inLanguage\":\"sk-SK\",\"@id\":\"https:\/\/moyzeska.sk\/#\/schema\/logo\/image\/\",\"url\":\"https:\/\/moyzeska.sk\/wp-content\/uploads\/2020\/09\/SZS-logo.png\",\"contentUrl\":\"https:\/\/moyzeska.sk\/wp-content\/uploads\/2020\/09\/SZS-logo.png\",\"width\":300,\"height\":300,\"caption\":\"Stredn\u00e1 zdravotn\u00edcka \u0161kola, Moyzesova 17, Ko\u0161ice\"},\"image\":{\"@id\":\"https:\/\/moyzeska.sk\/#\/schema\/logo\/image\/\"},\"sameAs\":[\"https:\/\/www.facebook.com\/Moyzeska\",\"https:\/\/www.instagram.com\/moyzeska\/\"]},{\"@type\":\"Person\",\"@id\":\"https:\/\/moyzeska.sk\/#\/schema\/person\/ccacd20eb0ebd5802c810abfe2658b27\",\"name\":\"szske\",\"image\":{\"@type\":\"ImageObject\",\"inLanguage\":\"sk-SK\",\"@id\":\"https:\/\/moyzeska.sk\/#\/schema\/person\/image\/\",\"url\":\"https:\/\/secure.gravatar.com\/avatar\/a61f327c6a81f0db6f0a9b218fd0495c?s=96&d=mm&r=g\",\"contentUrl\":\"https:\/\/secure.gravatar.com\/avatar\/a61f327c6a81f0db6f0a9b218fd0495c?s=96&d=mm&r=g\",\"caption\":\"szske\"},\"sameAs\":[\"http:\/\/moyzeska.sk\"],\"url\":\"https:\/\/moyzeska.sk\/index.php\/author\/szske\/\"}]}<\/script>\n<!-- \/ Yoast SEO plugin. -->","yoast_head_json":{"title":"Za\u010diatok \u0161kolsk\u00e9ho roka 2021\/2022 - Stredn\u00e1 zdravotn\u00edcka \u0161kola, Moyzesova 17, Ko\u0161ice","robots":{"index":"index","follow":"follow","max-snippet":"max-snippet:-1","max-image-preview":"max-image-preview:large","max-video-preview":"max-video-preview:-1"},"canonical":"https:\/\/moyzeska.sk\/index.php\/2021\/08\/30\/zaciatok-skolskeho-roka-2021-2022\/","og_locale":"sk_SK","og_type":"article","og_title":"Za\u010diatok \u0161kolsk\u00e9ho roka 2021\/2022 - Stredn\u00e1 zdravotn\u00edcka \u0161kola, Moyzesova 17, Ko\u0161ice","og_description":"Mil\u00ed \u017eiaci, sl\u00e1vnostn\u00e9 otvorenie \u0161kolsk\u00e9ho roka 2021\/2022 na Strednej zdravotn\u00edckej \u0161kole bude d\u0148a 2.9.2021. Pr\u00edchod \u017eiakov do \u0161koly je: 8:30 \u2013 II. ro\u010dn\u00edky 9:00 \u2013 III. ro\u010dn\u00edky 9:30 \u2013 IV. ro\u010dn\u00edky 10:00 \u2013 II. ZT, II. DRA 10:00 \u2013 \u017eiaci prv\u00fdch ro\u010dn\u00edkov &nbsp;Povinnosti pri n\u00e1stupe do \u0161koly: \u017diak mus\u00ed ma\u0165 prekryt\u00e9 horn\u00e9 d\u00fdchacie cesty po\u010das &hellip;Zobrazi\u0165","og_url":"https:\/\/moyzeska.sk\/index.php\/2021\/08\/30\/zaciatok-skolskeho-roka-2021-2022\/","og_site_name":"Stredn\u00e1 zdravotn\u00edcka \u0161kola, Moyzesova 17, Ko\u0161ice","article_publisher":"https:\/\/www.facebook.com\/Moyzeska","article_published_time":"2021-08-30T12:33:33+00:00","article_modified_time":"2021-09-01T10:13:47+00:00","author":"szske","twitter_card":"summary_large_image","twitter_misc":{"Autor":"szske","Predpokladan\u00fd \u010das \u010d\u00edtania":"1 min\u00fata"},"schema":{"@context":"https:\/\/schema.org","@graph":[{"@type":"Article","@id":"https:\/\/moyzeska.sk\/index.php\/2021\/08\/30\/zaciatok-skolskeho-roka-2021-2022\/#article","isPartOf":{"@id":"https:\/\/moyzeska.sk\/index.php\/2021\/08\/30\/zaciatok-skolskeho-roka-2021-2022\/"},"author":{"name":"szske","@id":"https:\/\/moyzeska.sk\/#\/schema\/person\/ccacd20eb0ebd5802c810abfe2658b27"},"headline":"Za\u010diatok \u0161kolsk\u00e9ho roka 2021\/2022","datePublished":"2021-08-30T12:33:33+00:00","dateModified":"2021-09-01T10:13:47+00:00","mainEntityOfPage":{"@id":"https:\/\/moyzeska.sk\/index.php\/2021\/08\/30\/zaciatok-skolskeho-roka-2021-2022\/"},"wordCount":222,"publisher":{"@id":"https:\/\/moyzeska.sk\/#organization"},"inLanguage":"sk-SK"},{"@type":"WebPage","@id":"https:\/\/moyzeska.sk\/index.php\/2021\/08\/30\/zaciatok-skolskeho-roka-2021-2022\/","url":"https:\/\/moyzeska.sk\/index.php\/2021\/08\/30\/zaciatok-skolskeho-roka-2021-2022\/","name":"Za\u010diatok \u0161kolsk\u00e9ho roka 2021\/2022 - Stredn\u00e1 zdravotn\u00edcka \u0161kola, Moyzesova 17, Ko\u0161ice","isPartOf":{"@id":"https:\/\/moyzeska.sk\/#website"},"datePublished":"2021-08-30T12:33:33+00:00","dateModified":"2021-09-01T10:13:47+00:00","breadcrumb":{"@id":"https:\/\/moyzeska.sk\/index.php\/2021\/08\/30\/zaciatok-skolskeho-roka-2021-2022\/#breadcrumb"},"inLanguage":"sk-SK","potentialAction":[{"@type":"ReadAction","target":["https:\/\/moyzeska.sk\/index.php\/2021\/08\/30\/zaciatok-skolskeho-roka-2021-2022\/"]}]},{"@type":"BreadcrumbList","@id":"https:\/\/moyzeska.sk\/index.php\/2021\/08\/30\/zaciatok-skolskeho-roka-2021-2022\/#breadcrumb","itemListElement":[{"@type":"ListItem","position":1,"name":"Home","item":"https:\/\/moyzeska.sk\/"},{"@type":"ListItem","position":2,"name":"Za\u010diatok \u0161kolsk\u00e9ho roka 2021\/2022"}]},{"@type":"WebSite","@id":"https:\/\/moyzeska.sk\/#website","url":"https:\/\/moyzeska.sk\/","name":"Stredn\u00e1 zdravotn\u00edcka \u0161kola, Moyzesova 17, Ko\u0161ice","description":"","publisher":{"@id":"https:\/\/moyzeska.sk\/#organization"},"potentialAction":[{"@type":"SearchAction","target":{"@type":"EntryPoint","urlTemplate":"https:\/\/moyzeska.sk\/?s={search_term_string}"},"query-input":"required name=search_term_string"}],"inLanguage":"sk-SK"},{"@type":"Organization","@id":"https:\/\/moyzeska.sk\/#organization","name":"Stredn\u00e1 zdravotn\u00edcka \u0161kola, Moyzesova 17, Ko\u0161ice","url":"https:\/\/moyzeska.sk\/","logo":{"@type":"ImageObject","inLanguage":"sk-SK","@id":"https:\/\/moyzeska.sk\/#\/schema\/logo\/image\/","url":"https:\/\/moyzeska.sk\/wp-content\/uploads\/2020\/09\/SZS-logo.png","contentUrl":"https:\/\/moyzeska.sk\/wp-content\/uploads\/2020\/09\/SZS-logo.png","width":300,"height":300,"caption":"Stredn\u00e1 zdravotn\u00edcka \u0161kola, Moyzesova 17, Ko\u0161ice"},"image":{"@id":"https:\/\/moyzeska.sk\/#\/schema\/logo\/image\/"},"sameAs":["https:\/\/www.facebook.com\/Moyzeska","https:\/\/www.instagram.com\/moyzeska\/"]},{"@type":"Person","@id":"https:\/\/moyzeska.sk\/#\/schema\/person\/ccacd20eb0ebd5802c810abfe2658b27","name":"szske","image":{"@type":"ImageObject","inLanguage":"sk-SK","@id":"https:\/\/moyzeska.sk\/#\/schema\/person\/image\/","url":"https:\/\/secure.gravatar.com\/avatar\/a61f327c6a81f0db6f0a9b218fd0495c?s=96&d=mm&r=g","contentUrl":"https:\/\/secure.gravatar.com\/avatar\/a61f327c6a81f0db6f0a9b218fd0495c?s=96&d=mm&r=g","caption":"szske"},"sameAs":["http:\/\/moyzeska.sk"],"url":"https:\/\/moyzeska.sk\/index.php\/author\/szske\/"}]}},"_links":{"self":[{"href":"https:\/\/moyzeska.sk\/index.php\/wp-json\/wp\/v2\/posts\/2956"}],"collection":[{"href":"https:\/\/moyzeska.sk\/index.php\/wp-json\/wp\/v2\/posts"}],"about":[{"href":"https:\/\/moyzeska.sk\/index.php\/wp-json\/wp\/v2\/types\/post"}],"author":[{"embeddable":true,"href":"https:\/\/moyzeska.sk\/index.php\/wp-json\/wp\/v2\/users\/1"}],"replies":[{"embeddable":true,"href":"https:\/\/moyzeska.sk\/index.php\/wp-json\/wp\/v2\/comments?post=2956"}],"version-history":[{"count":3,"href":"https:\/\/moyzeska.sk\/index.php\/wp-json\/wp\/v2\/posts\/2956\/revisions"}],"predecessor-version":[{"id":2970,"href":"https:\/\/moyzeska.sk\/index.php\/wp-json\/wp\/v2\/posts\/2956\/revisions\/2970"}],"wp:attachment":[{"href":"https:\/\/moyzeska.sk\/index.php\/wp-json\/wp\/v2\/media?parent=2956"}],"wp:term":[{"taxonomy":"category","embeddable":true,"href":"https:\/\/moyzeska.sk\/index.php\/wp-json\/wp\/v2\/categories?post=2956"},{"taxonomy":"post_tag","embeddable":true,"href":"https:\/\/moyzeska.sk\/index.php\/wp-json\/wp\/v2\/tags?post=2956"}],"curies":[{"name":"wp","href":"https:\/\/api.w.org\/{rel}","templated":true}]}}