{"id":1936,"date":"2021-01-25T13:02:20","date_gmt":"2021-01-25T12:02:20","guid":{"rendered":"https:\/\/moyzeska.sk\/?p=1936"},"modified":"2021-05-31T17:23:17","modified_gmt":"2021-05-31T15:23:17","slug":"den-otvorenych-dveri-2020-2021","status":"publish","type":"post","link":"https:\/\/moyzeska.sk\/index.php\/2021\/01\/25\/den-otvorenych-dveri-2020-2021\/","title":{"rendered":"De\u0148 otvoren\u00fdch dver\u00ed 2020\/2021"},"content":{"rendered":"\n<p><strong><em>V\u00edtame \u0165a na online dni otvoren\u00fdch dver\u00ed. Moment\u00e1lna situ\u00e1cia n\u00e1m nedovo\u013euje priv\u00edta\u0165 \u0165a osobne, preto sme si pre teba pripravili online prezent\u00e1ciu na\u0161ej \u0161koly.<\/em><\/strong><\/p>\n\n\n\n<hr class=\"wp-block-separator\"\/>\n\n\n\n<p><strong><em>V nasleduj\u00facom videu sa pozri, \u010do o Moyzeske hovoria jej \u017eiaci&#8230;<\/em><\/strong><\/p>\n\n\n\n<p><strong>Odkaz:<\/strong> <u><a href=\"https:\/\/youtu.be\/bOYG_8QVYrU\" target=\"_blank\" rel=\"noreferrer noopener\">https:\/\/youtu.be\/bOYG_8QVYrU<\/a><\/u><\/p>\n\n\n\n<p><\/p>\n\n\n\n<p><\/p>\n\n\n\n<p><\/p>\n\n\n\n<p><em><strong>Si zvedav\u00fd, \u010do sa nach\u00e1dza za m\u00farmi \u0161koly? \u201ePoprech\u00e1dzaj\u201c sa jej chodbami prostredn\u00edctvom tejto virtu\u00e1lnej prehliadky. Pozri si u\u010debne, laborat\u00f3ri\u00e1 a ich vybavenie.<\/strong><\/em><\/p>\n\n\n\n<div class=\"wp-block-buttons is-layout-flex\">\n<div class=\"wp-block-button is-style-fill\"><a class=\"wp-block-button__link has-white-color has-vivid-cyan-blue-background-color has-text-color has-background\" href=\"https:\/\/www.google.sk\/maps\/uv?hl=cs&amp;pb=!1s0x473ee06f1d0fd5f5%3A0x5e34fcdb3d0ee053!3m1!7e1!4s%2Fmaps%2Fplace%2F%2F%4048.7182405%2C21.2530425%2C3a%2C75y%2C286.8h%2C90t%2Fdata%3D*213m4*211e1*213m2*211s9ZmKPD7o5jcAAAQ0IR_pQg*212e0*214m2*213m1*211s0x0%3A0x5e34fcdb3d0ee053!5s%20-%20Hledat%20Googlem!15sCgIgAQ&amp;sa=X&amp;ved=0ahUKEwjigfK17-rLAhXJzRQKHe3XDcQQ2xQIGDAI&amp;imagekey=!1e2!2s6PeV1dypZCwAAAQ0ISCDhg\" target=\"_blank\" rel=\"noreferrer noopener\">Virtu\u00e1lna prehliadka \u0161koly<\/a><\/div>\n<\/div>\n\n\n\n<hr class=\"wp-block-separator\"\/>\n\n\n\n<p><strong><em>Mysl\u00ed\u0161 si, \u017ee u\u017e vie\u0161 dos\u0165? Otestuj sa: h\u00e1danky ti napovedia, s \u010d\u00edm sa stretne\u0161 na Moyzeske.<\/em><\/strong><\/p>\n\n\n\n<div class=\"wp-block-group\"><div class=\"wp-block-group__inner-container is-layout-flow\">\n<div class=\"wp-block-buttons is-layout-flex\">\n<div class=\"wp-block-button\"><a class=\"wp-block-button__link has-white-color has-vivid-cyan-blue-background-color has-text-color has-background\" href=\"https:\/\/moyzeska.sk\/index.php\/zo_zivota_nasej_skoly\/\" target=\"_blank\" rel=\"noreferrer noopener\">Otestuj sa TU<\/a><\/div>\n<\/div>\n\n\n\n<p><\/p>\n<\/div><\/div>\n\n\n\n<hr class=\"wp-block-separator\"\/>\n\n\n\n<p><strong><em>V nasleduj\u00facom \u0161kolskom roku 2021\/2022 otv\u00e1rame tieto \u0161tudijn\u00e9 odbory. Pre\u010d\u00edtaj si o nich viac a vyber si ten \u201esvoj\u201c!<\/em><\/strong><\/p>\n\n\n\n<div class=\"wp-block-group\"><div class=\"wp-block-group__inner-container is-layout-flow\">\n<div class=\"wp-block-buttons aligncenter is-layout-flex\">\n<div class=\"wp-block-button\"><a class=\"wp-block-button__link has-white-color has-vivid-cyan-blue-background-color has-text-color has-background\" href=\"https:\/\/moyzeska.sk\/index.php\/asistent-vyzivy-av\/\" target=\"_blank\" rel=\"noreferrer noopener\">odbor asistent v\u00fd\u017eivy<\/a><\/div>\n\n\n\n<div class=\"wp-block-button\"><a class=\"wp-block-button__link has-white-color has-vivid-cyan-blue-background-color has-text-color has-background\" href=\"https:\/\/moyzeska.sk\/index.php\/farmaceuticky-laborant-fl\/\" target=\"_blank\" rel=\"noreferrer noopener\">odbor farmaceutick\u00fd laborant<\/a><\/div>\n<\/div>\n\n\n\n<div class=\"wp-block-buttons aligncenter is-layout-flex\">\n<div class=\"wp-block-button\"><a class=\"wp-block-button__link has-white-color has-vivid-cyan-blue-background-color has-text-color has-background\" href=\"https:\/\/moyzeska.sk\/index.php\/ocny-optik-oo\/\">odbor o\u010dn\u00fd optik<\/a><\/div>\n<\/div>\n\n\n\n<div class=\"wp-block-buttons aligncenter is-layout-flex\">\n<div class=\"wp-block-button\"><a class=\"wp-block-button__link has-white-color has-vivid-cyan-blue-background-color has-text-color has-background\" href=\"https:\/\/moyzeska.sk\/index.php\/zdravotnicky-laborant-zl\/\">odbor zdravotn\u00edcky laborant<\/a><\/div>\n\n\n\n<div class=\"wp-block-button\"><a class=\"wp-block-button__link has-white-color has-vivid-cyan-blue-background-color has-text-color has-background\" href=\"https:\/\/moyzeska.sk\/index.php\/zubny-asistent-zua\/\">odbor zubn\u00fd asistent<\/a><\/div>\n<\/div>\n\n\n\n<hr class=\"wp-block-separator\"\/>\n<\/div><\/div>\n\n\n\n<p><strong><em>M\u00e1\u0161 konkr\u00e9tnu ot\u00e1zku oh\u013eadom \u0161t\u00fadia, alebo potrebuje\u0161 viac inform\u00e1ci\u00ed o dan\u00fdch odboroch? Nev\u00e1haj a kontaktuj na\u0161e garantky odborov. Rady ti odpovedia.<\/em><\/strong> <\/p>\n\n\n\n<figure class=\"wp-block-table aligncenter\"><table><thead><tr><th>Odbor<\/th><th>Garantka odboru<\/th><th>E-mail<\/th><\/tr><\/thead><tbody><tr><td><em>Asistent v\u00fd\u017eivy<\/em><\/td><td>PhDr. Iveta Voz\u00e1rov\u00e1<\/td><td><em>vozarova@szske.sk<\/em><\/td><\/tr><tr><td><em>Farmaceutick\u00fd laborant<\/em><\/td><td>Mgr. Bernardeta Gajdo\u0161ov\u00e1<\/td><td><em>gajdosova@szske.sk<\/em><\/td><\/tr><tr><td><em><em>O\u010dn\u00fd optik<\/em><\/em><\/td><td>Ing. X\u00e9nia Bre\u010dkov\u00e1<\/td><td><em>breckova@szske.sk<\/em><\/td><\/tr><tr><td><em>Zdravotn\u00edcky laborant<\/em><\/td><td>RNDr. Henrieta Abdi<\/td><td><em>abdi@szske.sk<\/em><\/td><\/tr><tr><td><em>Zubn\u00fd asistent<\/em><\/td><td>prof. MUDr. Neda Markovsk\u00e1, CSc.<\/td><td><em>markovska@szske.sk<\/em><\/td><\/tr><\/tbody><\/table><\/figure>\n\n\n\n<hr class=\"wp-block-separator\"\/>\n\n\n\n<p><strong><em>KE\u010e CHCE\u0160 VEDIE\u0164 VIAC, PR\u00cd\u010e MEDZI N\u00c1S&#8230;<\/em><\/strong><\/p>\n\n\n\n<p class=\"has-text-align-center\"><em style=\"font-weight: bold;\">&#8230;RADI \u0164A PRIV\u00cdTAME!<\/em><\/p>\n\n\n\n<p><\/p>\n\n\n\n<p class=\"has-text-align-right\"><strong><em>Tvoja Moyzeska<\/em><\/strong><\/p>\n\n\n\n<p><\/p>\n","protected":false},"excerpt":{"rendered":"<p>V\u00edtame \u0165a na online dni otvoren\u00fdch dver\u00ed. Moment\u00e1lna situ\u00e1cia n\u00e1m nedovo\u013euje priv\u00edta\u0165 \u0165a osobne, preto sme si pre teba pripravili online prezent\u00e1ciu na\u0161ej \u0161koly. V nasleduj\u00facom videu sa pozri, \u010do o Moyzeske hovoria jej \u017eiaci&#8230; Odkaz: https:\/\/youtu.be\/bOYG_8QVYrU Si zvedav\u00fd, \u010do sa nach\u00e1dza za m\u00farmi \u0161koly? \u201ePoprech\u00e1dzaj\u201c sa jej chodbami prostredn\u00edctvom tejto virtu\u00e1lnej prehliadky. Pozri si &hellip;<br \/><a href=\"https:\/\/moyzeska.sk\/index.php\/2021\/01\/25\/den-otvorenych-dveri-2020-2021\/\" class=\"more-link pen_button pen_element_default pen_icon_arrow_double\">Zobrazi\u0165<\/a><\/p>\n","protected":false},"author":1,"featured_media":1901,"comment_status":"closed","ping_status":"closed","sticky":false,"template":"","format":"standard","meta":{"_monsterinsights_skip_tracking":false,"_monsterinsights_sitenote_active":false,"_monsterinsights_sitenote_note":"","_monsterinsights_sitenote_category":0},"categories":[1],"tags":[],"yoast_head":"<!-- This site is optimized with the Yoast SEO plugin v21.8.1 - https:\/\/yoast.com\/wordpress\/plugins\/seo\/ -->\n<title>De\u0148 otvoren\u00fdch dver\u00ed 2020\/2021 - Stredn\u00e1 zdravotn\u00edcka \u0161kola, Moyzesova 17, Ko\u0161ice<\/title>\n<meta name=\"robots\" content=\"index, follow, max-snippet:-1, max-image-preview:large, max-video-preview:-1\" \/>\n<link rel=\"canonical\" href=\"https:\/\/moyzeska.sk\/index.php\/2021\/01\/25\/den-otvorenych-dveri-2020-2021\/\" \/>\n<meta property=\"og:locale\" content=\"sk_SK\" \/>\n<meta property=\"og:type\" content=\"article\" \/>\n<meta property=\"og:title\" content=\"De\u0148 otvoren\u00fdch dver\u00ed 2020\/2021 - Stredn\u00e1 zdravotn\u00edcka \u0161kola, Moyzesova 17, Ko\u0161ice\" \/>\n<meta property=\"og:description\" content=\"V\u00edtame \u0165a na online dni otvoren\u00fdch dver\u00ed. Moment\u00e1lna situ\u00e1cia n\u00e1m nedovo\u013euje priv\u00edta\u0165 \u0165a osobne, preto sme si pre teba pripravili online prezent\u00e1ciu na\u0161ej \u0161koly. V nasleduj\u00facom videu sa pozri, \u010do o Moyzeske hovoria jej \u017eiaci&#8230; Odkaz: https:\/\/youtu.be\/bOYG_8QVYrU Si zvedav\u00fd, \u010do sa nach\u00e1dza za m\u00farmi \u0161koly? \u201ePoprech\u00e1dzaj\u201c sa jej chodbami prostredn\u00edctvom tejto virtu\u00e1lnej prehliadky. Pozri si &hellip;Zobrazi\u0165\" \/>\n<meta property=\"og:url\" content=\"https:\/\/moyzeska.sk\/index.php\/2021\/01\/25\/den-otvorenych-dveri-2020-2021\/\" \/>\n<meta property=\"og:site_name\" content=\"Stredn\u00e1 zdravotn\u00edcka \u0161kola, Moyzesova 17, Ko\u0161ice\" \/>\n<meta property=\"article:publisher\" content=\"https:\/\/www.facebook.com\/Moyzeska\" \/>\n<meta property=\"article:published_time\" content=\"2021-01-25T12:02:20+00:00\" \/>\n<meta property=\"article:modified_time\" content=\"2021-05-31T15:23:17+00:00\" \/>\n<meta property=\"og:image\" content=\"https:\/\/moyzeska.sk\/wp-content\/uploads\/2021\/01\/dod.png\" \/>\n\t<meta property=\"og:image:width\" content=\"1747\" \/>\n\t<meta property=\"og:image:height\" content=\"1240\" \/>\n\t<meta property=\"og:image:type\" content=\"image\/png\" \/>\n<meta name=\"author\" content=\"szske\" \/>\n<meta name=\"twitter:card\" content=\"summary_large_image\" \/>\n<meta name=\"twitter:label1\" content=\"Autor\" \/>\n\t<meta name=\"twitter:data1\" content=\"szske\" \/>\n\t<meta name=\"twitter:label2\" content=\"Predpokladan\u00fd \u010das \u010d\u00edtania\" \/>\n\t<meta name=\"twitter:data2\" content=\"1 min\u00fata\" \/>\n<script type=\"application\/ld+json\" class=\"yoast-schema-graph\">{\"@context\":\"https:\/\/schema.org\",\"@graph\":[{\"@type\":\"Article\",\"@id\":\"https:\/\/moyzeska.sk\/index.php\/2021\/01\/25\/den-otvorenych-dveri-2020-2021\/#article\",\"isPartOf\":{\"@id\":\"https:\/\/moyzeska.sk\/index.php\/2021\/01\/25\/den-otvorenych-dveri-2020-2021\/\"},\"author\":{\"name\":\"szske\",\"@id\":\"https:\/\/moyzeska.sk\/#\/schema\/person\/ccacd20eb0ebd5802c810abfe2658b27\"},\"headline\":\"De\u0148 otvoren\u00fdch dver\u00ed 2020\/2021\",\"datePublished\":\"2021-01-25T12:02:20+00:00\",\"dateModified\":\"2021-05-31T15:23:17+00:00\",\"mainEntityOfPage\":{\"@id\":\"https:\/\/moyzeska.sk\/index.php\/2021\/01\/25\/den-otvorenych-dveri-2020-2021\/\"},\"wordCount\":245,\"publisher\":{\"@id\":\"https:\/\/moyzeska.sk\/#organization\"},\"inLanguage\":\"sk-SK\"},{\"@type\":\"WebPage\",\"@id\":\"https:\/\/moyzeska.sk\/index.php\/2021\/01\/25\/den-otvorenych-dveri-2020-2021\/\",\"url\":\"https:\/\/moyzeska.sk\/index.php\/2021\/01\/25\/den-otvorenych-dveri-2020-2021\/\",\"name\":\"De\u0148 otvoren\u00fdch dver\u00ed 2020\/2021 - Stredn\u00e1 zdravotn\u00edcka \u0161kola, Moyzesova 17, Ko\u0161ice\",\"isPartOf\":{\"@id\":\"https:\/\/moyzeska.sk\/#website\"},\"datePublished\":\"2021-01-25T12:02:20+00:00\",\"dateModified\":\"2021-05-31T15:23:17+00:00\",\"breadcrumb\":{\"@id\":\"https:\/\/moyzeska.sk\/index.php\/2021\/01\/25\/den-otvorenych-dveri-2020-2021\/#breadcrumb\"},\"inLanguage\":\"sk-SK\",\"potentialAction\":[{\"@type\":\"ReadAction\",\"target\":[\"https:\/\/moyzeska.sk\/index.php\/2021\/01\/25\/den-otvorenych-dveri-2020-2021\/\"]}]},{\"@type\":\"BreadcrumbList\",\"@id\":\"https:\/\/moyzeska.sk\/index.php\/2021\/01\/25\/den-otvorenych-dveri-2020-2021\/#breadcrumb\",\"itemListElement\":[{\"@type\":\"ListItem\",\"position\":1,\"name\":\"Home\",\"item\":\"https:\/\/moyzeska.sk\/\"},{\"@type\":\"ListItem\",\"position\":2,\"name\":\"De\u0148 otvoren\u00fdch dver\u00ed 2020\/2021\"}]},{\"@type\":\"WebSite\",\"@id\":\"https:\/\/moyzeska.sk\/#website\",\"url\":\"https:\/\/moyzeska.sk\/\",\"name\":\"Stredn\u00e1 zdravotn\u00edcka \u0161kola, Moyzesova 17, Ko\u0161ice\",\"description\":\"\",\"publisher\":{\"@id\":\"https:\/\/moyzeska.sk\/#organization\"},\"potentialAction\":[{\"@type\":\"SearchAction\",\"target\":{\"@type\":\"EntryPoint\",\"urlTemplate\":\"https:\/\/moyzeska.sk\/?s={search_term_string}\"},\"query-input\":\"required name=search_term_string\"}],\"inLanguage\":\"sk-SK\"},{\"@type\":\"Organization\",\"@id\":\"https:\/\/moyzeska.sk\/#organization\",\"name\":\"Stredn\u00e1 zdravotn\u00edcka \u0161kola, Moyzesova 17, Ko\u0161ice\",\"url\":\"https:\/\/moyzeska.sk\/\",\"logo\":{\"@type\":\"ImageObject\",\"inLanguage\":\"sk-SK\",\"@id\":\"https:\/\/moyzeska.sk\/#\/schema\/logo\/image\/\",\"url\":\"https:\/\/moyzeska.sk\/wp-content\/uploads\/2020\/09\/SZS-logo.png\",\"contentUrl\":\"https:\/\/moyzeska.sk\/wp-content\/uploads\/2020\/09\/SZS-logo.png\",\"width\":300,\"height\":300,\"caption\":\"Stredn\u00e1 zdravotn\u00edcka \u0161kola, Moyzesova 17, Ko\u0161ice\"},\"image\":{\"@id\":\"https:\/\/moyzeska.sk\/#\/schema\/logo\/image\/\"},\"sameAs\":[\"https:\/\/www.facebook.com\/Moyzeska\",\"https:\/\/www.instagram.com\/moyzeska\/\"]},{\"@type\":\"Person\",\"@id\":\"https:\/\/moyzeska.sk\/#\/schema\/person\/ccacd20eb0ebd5802c810abfe2658b27\",\"name\":\"szske\",\"image\":{\"@type\":\"ImageObject\",\"inLanguage\":\"sk-SK\",\"@id\":\"https:\/\/moyzeska.sk\/#\/schema\/person\/image\/\",\"url\":\"https:\/\/secure.gravatar.com\/avatar\/a61f327c6a81f0db6f0a9b218fd0495c?s=96&d=mm&r=g\",\"contentUrl\":\"https:\/\/secure.gravatar.com\/avatar\/a61f327c6a81f0db6f0a9b218fd0495c?s=96&d=mm&r=g\",\"caption\":\"szske\"},\"sameAs\":[\"http:\/\/moyzeska.sk\"],\"url\":\"https:\/\/moyzeska.sk\/index.php\/author\/szske\/\"}]}<\/script>\n<!-- \/ Yoast SEO plugin. -->","yoast_head_json":{"title":"De\u0148 otvoren\u00fdch dver\u00ed 2020\/2021 - Stredn\u00e1 zdravotn\u00edcka \u0161kola, Moyzesova 17, Ko\u0161ice","robots":{"index":"index","follow":"follow","max-snippet":"max-snippet:-1","max-image-preview":"max-image-preview:large","max-video-preview":"max-video-preview:-1"},"canonical":"https:\/\/moyzeska.sk\/index.php\/2021\/01\/25\/den-otvorenych-dveri-2020-2021\/","og_locale":"sk_SK","og_type":"article","og_title":"De\u0148 otvoren\u00fdch dver\u00ed 2020\/2021 - Stredn\u00e1 zdravotn\u00edcka \u0161kola, Moyzesova 17, Ko\u0161ice","og_description":"V\u00edtame \u0165a na online dni otvoren\u00fdch dver\u00ed. Moment\u00e1lna situ\u00e1cia n\u00e1m nedovo\u013euje priv\u00edta\u0165 \u0165a osobne, preto sme si pre teba pripravili online prezent\u00e1ciu na\u0161ej \u0161koly. V nasleduj\u00facom videu sa pozri, \u010do o Moyzeske hovoria jej \u017eiaci&#8230; Odkaz: https:\/\/youtu.be\/bOYG_8QVYrU Si zvedav\u00fd, \u010do sa nach\u00e1dza za m\u00farmi \u0161koly? \u201ePoprech\u00e1dzaj\u201c sa jej chodbami prostredn\u00edctvom tejto virtu\u00e1lnej prehliadky. Pozri si &hellip;Zobrazi\u0165","og_url":"https:\/\/moyzeska.sk\/index.php\/2021\/01\/25\/den-otvorenych-dveri-2020-2021\/","og_site_name":"Stredn\u00e1 zdravotn\u00edcka \u0161kola, Moyzesova 17, Ko\u0161ice","article_publisher":"https:\/\/www.facebook.com\/Moyzeska","article_published_time":"2021-01-25T12:02:20+00:00","article_modified_time":"2021-05-31T15:23:17+00:00","og_image":[{"width":1747,"height":1240,"url":"https:\/\/moyzeska.sk\/wp-content\/uploads\/2021\/01\/dod.png","type":"image\/png"}],"author":"szske","twitter_card":"summary_large_image","twitter_misc":{"Autor":"szske","Predpokladan\u00fd \u010das \u010d\u00edtania":"1 min\u00fata"},"schema":{"@context":"https:\/\/schema.org","@graph":[{"@type":"Article","@id":"https:\/\/moyzeska.sk\/index.php\/2021\/01\/25\/den-otvorenych-dveri-2020-2021\/#article","isPartOf":{"@id":"https:\/\/moyzeska.sk\/index.php\/2021\/01\/25\/den-otvorenych-dveri-2020-2021\/"},"author":{"name":"szske","@id":"https:\/\/moyzeska.sk\/#\/schema\/person\/ccacd20eb0ebd5802c810abfe2658b27"},"headline":"De\u0148 otvoren\u00fdch dver\u00ed 2020\/2021","datePublished":"2021-01-25T12:02:20+00:00","dateModified":"2021-05-31T15:23:17+00:00","mainEntityOfPage":{"@id":"https:\/\/moyzeska.sk\/index.php\/2021\/01\/25\/den-otvorenych-dveri-2020-2021\/"},"wordCount":245,"publisher":{"@id":"https:\/\/moyzeska.sk\/#organization"},"inLanguage":"sk-SK"},{"@type":"WebPage","@id":"https:\/\/moyzeska.sk\/index.php\/2021\/01\/25\/den-otvorenych-dveri-2020-2021\/","url":"https:\/\/moyzeska.sk\/index.php\/2021\/01\/25\/den-otvorenych-dveri-2020-2021\/","name":"De\u0148 otvoren\u00fdch dver\u00ed 2020\/2021 - Stredn\u00e1 zdravotn\u00edcka \u0161kola, Moyzesova 17, Ko\u0161ice","isPartOf":{"@id":"https:\/\/moyzeska.sk\/#website"},"datePublished":"2021-01-25T12:02:20+00:00","dateModified":"2021-05-31T15:23:17+00:00","breadcrumb":{"@id":"https:\/\/moyzeska.sk\/index.php\/2021\/01\/25\/den-otvorenych-dveri-2020-2021\/#breadcrumb"},"inLanguage":"sk-SK","potentialAction":[{"@type":"ReadAction","target":["https:\/\/moyzeska.sk\/index.php\/2021\/01\/25\/den-otvorenych-dveri-2020-2021\/"]}]},{"@type":"BreadcrumbList","@id":"https:\/\/moyzeska.sk\/index.php\/2021\/01\/25\/den-otvorenych-dveri-2020-2021\/#breadcrumb","itemListElement":[{"@type":"ListItem","position":1,"name":"Home","item":"https:\/\/moyzeska.sk\/"},{"@type":"ListItem","position":2,"name":"De\u0148 otvoren\u00fdch dver\u00ed 2020\/2021"}]},{"@type":"WebSite","@id":"https:\/\/moyzeska.sk\/#website","url":"https:\/\/moyzeska.sk\/","name":"Stredn\u00e1 zdravotn\u00edcka \u0161kola, Moyzesova 17, Ko\u0161ice","description":"","publisher":{"@id":"https:\/\/moyzeska.sk\/#organization"},"potentialAction":[{"@type":"SearchAction","target":{"@type":"EntryPoint","urlTemplate":"https:\/\/moyzeska.sk\/?s={search_term_string}"},"query-input":"required name=search_term_string"}],"inLanguage":"sk-SK"},{"@type":"Organization","@id":"https:\/\/moyzeska.sk\/#organization","name":"Stredn\u00e1 zdravotn\u00edcka \u0161kola, Moyzesova 17, Ko\u0161ice","url":"https:\/\/moyzeska.sk\/","logo":{"@type":"ImageObject","inLanguage":"sk-SK","@id":"https:\/\/moyzeska.sk\/#\/schema\/logo\/image\/","url":"https:\/\/moyzeska.sk\/wp-content\/uploads\/2020\/09\/SZS-logo.png","contentUrl":"https:\/\/moyzeska.sk\/wp-content\/uploads\/2020\/09\/SZS-logo.png","width":300,"height":300,"caption":"Stredn\u00e1 zdravotn\u00edcka \u0161kola, Moyzesova 17, Ko\u0161ice"},"image":{"@id":"https:\/\/moyzeska.sk\/#\/schema\/logo\/image\/"},"sameAs":["https:\/\/www.facebook.com\/Moyzeska","https:\/\/www.instagram.com\/moyzeska\/"]},{"@type":"Person","@id":"https:\/\/moyzeska.sk\/#\/schema\/person\/ccacd20eb0ebd5802c810abfe2658b27","name":"szske","image":{"@type":"ImageObject","inLanguage":"sk-SK","@id":"https:\/\/moyzeska.sk\/#\/schema\/person\/image\/","url":"https:\/\/secure.gravatar.com\/avatar\/a61f327c6a81f0db6f0a9b218fd0495c?s=96&d=mm&r=g","contentUrl":"https:\/\/secure.gravatar.com\/avatar\/a61f327c6a81f0db6f0a9b218fd0495c?s=96&d=mm&r=g","caption":"szske"},"sameAs":["http:\/\/moyzeska.sk"],"url":"https:\/\/moyzeska.sk\/index.php\/author\/szske\/"}]}},"_links":{"self":[{"href":"https:\/\/moyzeska.sk\/index.php\/wp-json\/wp\/v2\/posts\/1936"}],"collection":[{"href":"https:\/\/moyzeska.sk\/index.php\/wp-json\/wp\/v2\/posts"}],"about":[{"href":"https:\/\/moyzeska.sk\/index.php\/wp-json\/wp\/v2\/types\/post"}],"author":[{"embeddable":true,"href":"https:\/\/moyzeska.sk\/index.php\/wp-json\/wp\/v2\/users\/1"}],"replies":[{"embeddable":true,"href":"https:\/\/moyzeska.sk\/index.php\/wp-json\/wp\/v2\/comments?post=1936"}],"version-history":[{"count":6,"href":"https:\/\/moyzeska.sk\/index.php\/wp-json\/wp\/v2\/posts\/1936\/revisions"}],"predecessor-version":[{"id":2683,"href":"https:\/\/moyzeska.sk\/index.php\/wp-json\/wp\/v2\/posts\/1936\/revisions\/2683"}],"wp:featuredmedia":[{"embeddable":true,"href":"https:\/\/moyzeska.sk\/index.php\/wp-json\/wp\/v2\/media\/1901"}],"wp:attachment":[{"href":"https:\/\/moyzeska.sk\/index.php\/wp-json\/wp\/v2\/media?parent=1936"}],"wp:term":[{"taxonomy":"category","embeddable":true,"href":"https:\/\/moyzeska.sk\/index.php\/wp-json\/wp\/v2\/categories?post=1936"},{"taxonomy":"post_tag","embeddable":true,"href":"https:\/\/moyzeska.sk\/index.php\/wp-json\/wp\/v2\/tags?post=1936"}],"curies":[{"name":"wp","href":"https:\/\/api.w.org\/{rel}","templated":true}]}}