{"id":1208,"date":"2011-12-16T08:16:00","date_gmt":"2011-12-16T07:16:00","guid":{"rendered":"https:\/\/moyzeska.sk\/?p=1208"},"modified":"2021-02-17T10:00:47","modified_gmt":"2021-02-17T09:00:47","slug":"projektove-stretnutie-kosice","status":"publish","type":"post","link":"https:\/\/moyzeska.sk\/index.php\/2011\/12\/16\/projektove-stretnutie-kosice\/","title":{"rendered":"Projektov\u00e9 stretnutie &#8211; Ko\u0161ice"},"content":{"rendered":"\n<p>12. 12. 2011 \u2013 16. 12. 2011<\/p>\n\n\n\n<p><strong>12. \u2013 16. december<\/strong>&nbsp;boli v&nbsp;na\u0161ej \u0161kole v\u00fdnimo\u010dn\u00e9 dni \u2013 boli sme organiz\u00e1tormi projektov\u00e9ho stretnutia \u0161tudentov a&nbsp;u\u010dite\u013eov z&nbsp;<strong>Turecka, Gr\u00e9cka a Nemecka<\/strong>. Ako hos\u0165uj\u00faca \u0161kola sme sa cel\u00fd t\u00fd\u017ede\u0148 pobytu sna\u017eili na\u0161\u00edm priate\u013eom zo zahrani\u010dia spr\u00edjemni\u0165 \u010das str\u00e1ven\u00fd u n\u00e1s \u010do najviac a hlavn\u00fdm na\u0161\u00edm cie\u013eom bolo, aby si odn\u00e1\u0161ali nielen ve\u013ea dar\u010dekov a suven\u00edrov z nasej krajiny, ale hlavne skvel\u00e9 z\u00e1\u017eitky a spomienky.<\/p>\n\n\n\n<p><strong>De\u0148 prv\u00fd \u2013 12. december 2012<\/strong><\/p>\n\n\n\n<p>Projektov\u00e9 stretnutie sa pre n\u00e1s neofici\u00e1lne za\u010dalo u\u017e v nede\u013eu ve\u010der na vlakovej stanici v Ko\u0161iciach, kde sme spolu s pani riadite\u013ekou V. Rusinkovou a pani profesorkou E. Demkovou priv\u00edtali deleg\u00e1ciu z Nemecka. \u0160tudenti na\u0161ej \u0161koly, ktor\u00ed poch\u00e1dzaj\u00fa z&nbsp;Ko\u0161\u00edc, poskytli ubytovanie \u0161iestim \u0161tudentk\u00e1m z&nbsp;Nemecka a&nbsp;piatim \u0161tudentom z&nbsp;Gr\u00e9cka. Na druh\u00fd de\u0148 r\u00e1no sme v budove na\u0161ej \u0161koly priv\u00edtali aj deleg\u00e1cie z Turecka a Gr\u00e9cka. Po ofici\u00e1lnom otvoren\u00ed n\u00e1\u0161ho projektov\u00e9ho stretnutia jednotliv\u00e9 krajiny prezentovali svoje najv\u00fdznamnej\u0161ie pal\u00e1ce, hrady a z\u00e1mky. Po skon\u010den\u00ed jednotliv\u00fdch prezent\u00e1cii sme sa presunuli do centra Ko\u0161\u00edc, kde sme nav\u0161t\u00edvili D\u00f3m sv. Al\u017ebety a pre\u0161li sa po historickom centre Ko\u0161\u00edc. Po tejto prehliadke sme savr\u00e1tili sp\u00e4\u0165 do \u0161koly, kde sme mali mo\u017enos\u0165 ochutna\u0165 typick\u00e9 \u0161peciality z&nbsp;Nemecka, Gr\u00e9cka, Turecka a&nbsp;Slovenska.<\/p>\n\n\n\n<p><a href=\"http:\/\/www.szske.sk\/sucasnost\/comenius\/kosice\/1den.php\">fotogal\u00e9ria<\/a><\/p>\n\n\n\n<p><strong>De\u0148 druh\u00fd \u2013 13. december 2012<\/strong><\/p>\n\n\n\n<p>Druh\u00fd de\u0148 sa za\u010dal podobne ako prv\u00fd a to prezent\u00e1ciami na t\u00e9mu Our musicians \u2013 Na\u0161i hudobn\u00edci. Po odprezentovan\u00ed sme sa odobrali na viano\u010dn\u00fd koncert do D\u00f3mu sv. Al\u017ebety. Po skon\u010den\u00ed koncertu sme nav\u0161t\u00edvili aj Miklu\u0161ovu v\u00e4znicu a&nbsp;hlavn\u00fa expoz\u00edciu V\u00fdchodoslovensk\u00e9ho m\u00fazea v Ko\u0161iciach. Po koncerte sme mali obed v Domove ml\u00e1de\u017ee na Pova\u017eskej ulici. Na\u0161ich host\u00ed zaujala aj prehliadka Domova ml\u00e1de\u017ee. Po skon\u010den\u00ed prehliadky m\u00fazea sme spolu i\u0161li na viano\u010dn\u00e9 trhy, \u010do bolo pre \u0161tudentov ve\u013emi zauj\u00edmav\u00e9, preto\u017ee ochutnali na\u0161e viano\u010dn\u00e9 jedla a v\u0161etko to umoc\u0148ovala viano\u010dn\u00e1 atmosf\u00e9ra. Z\u00e1verom tohto d\u0148a bola spolo\u010dn\u00e1 ve\u010dera v re\u0161taur\u00e1cii. Aj ke\u010f sme museli na ve\u010deru dlho \u010daka\u0165, v\u00f4bec n\u00e1m to neprek\u00e1\u017ealo, preto\u017ee sme mali \u010das sa lep\u0161ie spozna\u0165 a&nbsp;porozpr\u00e1va\u0165, \u010di\u017ee tu sa n\u00e1m uplatnilo star\u00e9 dobre pr\u00edslovie \u201cV\u0161etko zl\u00e9 je na nie\u010do dobr\u00e9 \u201c. Po skvelej ve\u010deri sme v\u0161etci \u0161li domov unaven\u00ed, ale pln\u00ed nov\u00fdch z\u00e1\u017eitkov z uplynul\u00e9ho d\u0148a.<\/p>\n\n\n\n<p><a href=\"http:\/\/www.szske.sk\/sucasnost\/comenius\/kosice\/2den.php\">fotogal\u00e9ria<\/a><\/p>\n\n\n\n<p><strong>De\u0148 tret\u00ed \u2013 14. december 2012<\/strong><\/p>\n\n\n\n<p>Nasleduj\u00face r\u00e1no u\u017e bola streda a my sme nastupovali do autobusu na v\u00fdlet do Ke\u017emarku a Levo\u010de. Atmosf\u00e9ra v autobuse bola dobr\u00e1 aj ke\u010f bol ka\u017ed\u00fd ve\u013emi unaven\u00fd z rann\u00e9ho vst\u00e1vania. Cesta n\u00e1m ubehla ve\u013emi r\u00fdchlo, ani sme sa nenazdali a u\u017e sme videli kon\u010diare na\u0161ich kr\u00e1snych Vysok\u00fdch Tatier. Pre n\u00e1s to nebolo ni\u010d v\u00fdnimo\u010dn\u00e9, ale na\u0161\u00edm zahrani\u010dn\u00fdm kamar\u00e1tom sa t\u00e1to pr\u00edrodn\u00e1 scen\u00e9ria ve\u013emi p\u00e1\u010dila. Po pr\u00edchode do Ke\u017emarku sme boli v\u0161etci mierne prekvapen\u00ed zo zimy, ktor\u00e1 tam bola, av\u0161ak na zimu sme pri dobrej n\u00e1lade ve\u013emi r\u00fdchlo zabudli. Po\u010das na\u0161ej cesty sme nav\u0161t\u00edvili aj \u010fal\u0161ie slovensk\u00e9 mesto Levo\u010du. V tomto meste sme mali pr\u00edle\u017eitos\u0165 pozrie\u0165 si centrum mesta a&nbsp;dreven\u00fd olt\u00e1r Majstra Pavla. Napriek zime, ktor\u00e1 vl\u00e1dla v oboch mest\u00e1ch sme si po tomto dni odn\u00e1\u0161ali nasp\u00e4\u0165 do Ko\u0161\u00edc len tie najlep\u0161ie z\u00e1\u017eitky. Po n\u00e1vrate n\u00e1s v \u0161kole \u010dakal neskor\u0161\u00ed obed. Ke\u010f\u017ee v tento de\u0148 sa na na\u0161ej \u0161kole konal de\u0148 otvoren\u00fdch dver\u00ed mali sme v\u00fdnimo\u010dn\u00fa mo\u017enos\u0165 uk\u00e1za\u0165 na\u0161\u00edm zahrani\u010dn\u00fdm hos\u0165om jednotliv\u00e9 \u0161tudijn\u00e9 odbory na na\u0161ej \u0161kole.<\/p>\n\n\n\n<p><a href=\"http:\/\/www.szske.sk\/sucasnost\/comenius\/kosice\/3den.php\">fotogal\u00e9ria<\/a><\/p>\n\n\n\n<p><strong>De\u0148 \u0161tvrt\u00fd \u2013 15. december 2012<\/strong><\/p>\n\n\n\n<p>Vo \u0161tvrtok r\u00e1no sme vstavali e\u0161te o \u010dosi sk\u00f4r preto\u017ee n\u00e1s \u010dakal \u010fal\u0161\u00ed v\u00fdlet na hrad Kr\u00e1sna H\u00f4rka a do Betliara. Napriek tomu, \u017ee sme boli uzimen\u00ed, z\u00e1\u017eitok z kr\u00e1snej pr\u00edrody a historick\u00fdch pamiatok bol na nezaplatenie. Po \u010fal\u0161om vy\u010derp\u00e1vaj\u00facom dni n\u00e1s v \u0161kole \u010dakala typick\u00e1 slovensk\u00e1 viano\u010dn\u00e1 kapustnica. Po spolo\u010dnej ve\u010deri sme sa rozhodli, \u017ee p\u00f4jdeme do kina, samozrejme bez profesorov. Bez oh\u013eadu na to, ko\u013eko pamiatok sme po\u010das t\u00fd\u017ed\u0148a nav\u0161t\u00edvili, \u010das, ktor\u00fd sme str\u00e1vili v kine spolu s na\u0161imi zahrani\u010dn\u00fdmi kamar\u00e1tmi sa n\u00e1m nav\u017edy vryl do pam\u00e4ti. Tento \u0161tvrt\u00fd de\u0148 prekonal v\u0161etky na\u0161e o\u010dak\u00e1vania.<\/p>\n\n\n\n<p><a href=\"http:\/\/www.szske.sk\/sucasnost\/comenius\/kosice\/4den.php\">fotogal\u00e9ria<\/a><\/p>\n\n\n\n<p><strong>De\u0148 piaty \u2013 16. december 2012<\/strong><\/p>\n\n\n\n<p>V posledn\u00fd de\u0148 n\u00e1\u0161ho projektov\u00e9ho stretnutia pripravili na\u0161i \u0161tudenti viano\u010dn\u00fa akad\u00e9miu pre na\u0161ich zahrani\u010dn\u00fdch hosti, po\u010das ktorej sme ofici\u00e1lne ukon\u010dili na\u0161e projektov\u00e9 stretnutie. Av\u0161ak \u00fapln\u00fdm z\u00e1verom n\u00e1\u0161ho stretnutia bolo p\u00f4sobiv\u00e9 prijatie u &nbsp;p\u00e1na prim\u00e1tora MUDr. Richarda Ra\u0161iho, PhD.,.<br>Piatkov\u00e9 l\u00fa\u010denie sa nezaobi\u0161lo bez s\u013az, a&nbsp;preto ver\u00edme, \u017ee sa na\u0161i zahrani\u010dn\u00ed hostia u n\u00e1s c\u00edtili dobre a \u017ee sa s na\u0161imi nov\u00fdmi kamar\u00e1tmi e\u0161te aspo\u0148 raz stretneme v niektorej z partnersk\u00fdch kraj\u00edn. Z\u00e1rove\u0148 sa chcem touto cestou po\u010fakova\u0165 v\u0161etk\u00fdm \u0161tudentom a&nbsp;tie\u017e ich rodin\u00e1m, ktor\u00e9 poskytli svoje domovy pre na\u0161ich zahrani\u010dn\u00fdch host\u00ed. Ja som mala doma 2 diev\u010dat\u00e1 z Nemecka a mus\u00edm poveda\u0165, \u017ee to bola vynikaj\u00faca pr\u00edle\u017eitos\u0165 na precvi\u010denie anglick\u00e9ho jazyka, ako aj vz\u00e1jomn\u00e9 pozn\u00e1vanie kult\u00far.<\/p>\n\n\n\n<p><a href=\"http:\/\/www.szske.sk\/sucasnost\/comenius\/5den.php\">fotogal\u00e9ria<\/a><\/p>\n\n\n\n<p><br>So\u0148a Matisov\u00e1, II.FLB<\/p>\n","protected":false},"excerpt":{"rendered":"<p>12. 12. 2011 \u2013 16. 12. 2011 12. \u2013 16. december&nbsp;boli v&nbsp;na\u0161ej \u0161kole v\u00fdnimo\u010dn\u00e9 dni \u2013 boli sme organiz\u00e1tormi projektov\u00e9ho stretnutia \u0161tudentov a&nbsp;u\u010dite\u013eov z&nbsp;Turecka, Gr\u00e9cka a Nemecka. Ako hos\u0165uj\u00faca \u0161kola sme sa cel\u00fd t\u00fd\u017ede\u0148 pobytu sna\u017eili na\u0161\u00edm priate\u013eom zo zahrani\u010dia spr\u00edjemni\u0165 \u010das str\u00e1ven\u00fd u n\u00e1s \u010do najviac a hlavn\u00fdm na\u0161\u00edm cie\u013eom bolo, aby si odn\u00e1\u0161ali &hellip;<br \/><a href=\"https:\/\/moyzeska.sk\/index.php\/2011\/12\/16\/projektove-stretnutie-kosice\/\" class=\"more-link pen_button pen_element_default pen_icon_arrow_double\">Zobrazi\u0165<\/a><\/p>\n","protected":false},"author":1,"featured_media":0,"comment_status":"closed","ping_status":"closed","sticky":false,"template":"","format":"standard","meta":{"_monsterinsights_skip_tracking":false,"_monsterinsights_sitenote_active":false,"_monsterinsights_sitenote_note":"","_monsterinsights_sitenote_category":0},"categories":[18],"tags":[],"yoast_head":"<!-- This site is optimized with the Yoast SEO plugin v21.8.1 - https:\/\/yoast.com\/wordpress\/plugins\/seo\/ -->\n<title>Projektov\u00e9 stretnutie - Ko\u0161ice - Stredn\u00e1 zdravotn\u00edcka \u0161kola, Moyzesova 17, Ko\u0161ice<\/title>\n<meta name=\"robots\" content=\"index, follow, max-snippet:-1, max-image-preview:large, max-video-preview:-1\" \/>\n<link rel=\"canonical\" href=\"https:\/\/moyzeska.sk\/index.php\/2011\/12\/16\/projektove-stretnutie-kosice\/\" \/>\n<meta property=\"og:locale\" content=\"sk_SK\" \/>\n<meta property=\"og:type\" content=\"article\" \/>\n<meta property=\"og:title\" content=\"Projektov\u00e9 stretnutie - Ko\u0161ice - Stredn\u00e1 zdravotn\u00edcka \u0161kola, Moyzesova 17, Ko\u0161ice\" \/>\n<meta property=\"og:description\" content=\"12. 12. 2011 \u2013 16. 12. 2011 12. \u2013 16. december&nbsp;boli v&nbsp;na\u0161ej \u0161kole v\u00fdnimo\u010dn\u00e9 dni \u2013 boli sme organiz\u00e1tormi projektov\u00e9ho stretnutia \u0161tudentov a&nbsp;u\u010dite\u013eov z&nbsp;Turecka, Gr\u00e9cka a Nemecka. Ako hos\u0165uj\u00faca \u0161kola sme sa cel\u00fd t\u00fd\u017ede\u0148 pobytu sna\u017eili na\u0161\u00edm priate\u013eom zo zahrani\u010dia spr\u00edjemni\u0165 \u010das str\u00e1ven\u00fd u n\u00e1s \u010do najviac a hlavn\u00fdm na\u0161\u00edm cie\u013eom bolo, aby si odn\u00e1\u0161ali &hellip;Zobrazi\u0165\" \/>\n<meta property=\"og:url\" content=\"https:\/\/moyzeska.sk\/index.php\/2011\/12\/16\/projektove-stretnutie-kosice\/\" \/>\n<meta property=\"og:site_name\" content=\"Stredn\u00e1 zdravotn\u00edcka \u0161kola, Moyzesova 17, Ko\u0161ice\" \/>\n<meta property=\"article:publisher\" content=\"https:\/\/www.facebook.com\/Moyzeska\" \/>\n<meta property=\"article:published_time\" content=\"2011-12-16T07:16:00+00:00\" \/>\n<meta property=\"article:modified_time\" content=\"2021-02-17T09:00:47+00:00\" \/>\n<meta name=\"author\" content=\"szske\" \/>\n<meta name=\"twitter:card\" content=\"summary_large_image\" \/>\n<meta name=\"twitter:label1\" content=\"Autor\" \/>\n\t<meta name=\"twitter:data1\" content=\"szske\" \/>\n\t<meta name=\"twitter:label2\" content=\"Predpokladan\u00fd \u010das \u010d\u00edtania\" \/>\n\t<meta name=\"twitter:data2\" content=\"4 min\u00faty\" \/>\n<script type=\"application\/ld+json\" class=\"yoast-schema-graph\">{\"@context\":\"https:\/\/schema.org\",\"@graph\":[{\"@type\":\"Article\",\"@id\":\"https:\/\/moyzeska.sk\/index.php\/2011\/12\/16\/projektove-stretnutie-kosice\/#article\",\"isPartOf\":{\"@id\":\"https:\/\/moyzeska.sk\/index.php\/2011\/12\/16\/projektove-stretnutie-kosice\/\"},\"author\":{\"name\":\"szske\",\"@id\":\"https:\/\/moyzeska.sk\/#\/schema\/person\/ccacd20eb0ebd5802c810abfe2658b27\"},\"headline\":\"Projektov\u00e9 stretnutie &#8211; Ko\u0161ice\",\"datePublished\":\"2011-12-16T07:16:00+00:00\",\"dateModified\":\"2021-02-17T09:00:47+00:00\",\"mainEntityOfPage\":{\"@id\":\"https:\/\/moyzeska.sk\/index.php\/2011\/12\/16\/projektove-stretnutie-kosice\/\"},\"wordCount\":1048,\"publisher\":{\"@id\":\"https:\/\/moyzeska.sk\/#organization\"},\"articleSection\":[\"Projekt Comenius\"],\"inLanguage\":\"sk-SK\"},{\"@type\":\"WebPage\",\"@id\":\"https:\/\/moyzeska.sk\/index.php\/2011\/12\/16\/projektove-stretnutie-kosice\/\",\"url\":\"https:\/\/moyzeska.sk\/index.php\/2011\/12\/16\/projektove-stretnutie-kosice\/\",\"name\":\"Projektov\u00e9 stretnutie - Ko\u0161ice - Stredn\u00e1 zdravotn\u00edcka \u0161kola, Moyzesova 17, Ko\u0161ice\",\"isPartOf\":{\"@id\":\"https:\/\/moyzeska.sk\/#website\"},\"datePublished\":\"2011-12-16T07:16:00+00:00\",\"dateModified\":\"2021-02-17T09:00:47+00:00\",\"breadcrumb\":{\"@id\":\"https:\/\/moyzeska.sk\/index.php\/2011\/12\/16\/projektove-stretnutie-kosice\/#breadcrumb\"},\"inLanguage\":\"sk-SK\",\"potentialAction\":[{\"@type\":\"ReadAction\",\"target\":[\"https:\/\/moyzeska.sk\/index.php\/2011\/12\/16\/projektove-stretnutie-kosice\/\"]}]},{\"@type\":\"BreadcrumbList\",\"@id\":\"https:\/\/moyzeska.sk\/index.php\/2011\/12\/16\/projektove-stretnutie-kosice\/#breadcrumb\",\"itemListElement\":[{\"@type\":\"ListItem\",\"position\":1,\"name\":\"Home\",\"item\":\"https:\/\/moyzeska.sk\/\"},{\"@type\":\"ListItem\",\"position\":2,\"name\":\"Projektov\u00e9 stretnutie &#8211; Ko\u0161ice\"}]},{\"@type\":\"WebSite\",\"@id\":\"https:\/\/moyzeska.sk\/#website\",\"url\":\"https:\/\/moyzeska.sk\/\",\"name\":\"Stredn\u00e1 zdravotn\u00edcka \u0161kola, Moyzesova 17, Ko\u0161ice\",\"description\":\"\",\"publisher\":{\"@id\":\"https:\/\/moyzeska.sk\/#organization\"},\"potentialAction\":[{\"@type\":\"SearchAction\",\"target\":{\"@type\":\"EntryPoint\",\"urlTemplate\":\"https:\/\/moyzeska.sk\/?s={search_term_string}\"},\"query-input\":\"required name=search_term_string\"}],\"inLanguage\":\"sk-SK\"},{\"@type\":\"Organization\",\"@id\":\"https:\/\/moyzeska.sk\/#organization\",\"name\":\"Stredn\u00e1 zdravotn\u00edcka \u0161kola, Moyzesova 17, Ko\u0161ice\",\"url\":\"https:\/\/moyzeska.sk\/\",\"logo\":{\"@type\":\"ImageObject\",\"inLanguage\":\"sk-SK\",\"@id\":\"https:\/\/moyzeska.sk\/#\/schema\/logo\/image\/\",\"url\":\"https:\/\/moyzeska.sk\/wp-content\/uploads\/2020\/09\/SZS-logo.png\",\"contentUrl\":\"https:\/\/moyzeska.sk\/wp-content\/uploads\/2020\/09\/SZS-logo.png\",\"width\":300,\"height\":300,\"caption\":\"Stredn\u00e1 zdravotn\u00edcka \u0161kola, Moyzesova 17, Ko\u0161ice\"},\"image\":{\"@id\":\"https:\/\/moyzeska.sk\/#\/schema\/logo\/image\/\"},\"sameAs\":[\"https:\/\/www.facebook.com\/Moyzeska\",\"https:\/\/www.instagram.com\/moyzeska\/\"]},{\"@type\":\"Person\",\"@id\":\"https:\/\/moyzeska.sk\/#\/schema\/person\/ccacd20eb0ebd5802c810abfe2658b27\",\"name\":\"szske\",\"image\":{\"@type\":\"ImageObject\",\"inLanguage\":\"sk-SK\",\"@id\":\"https:\/\/moyzeska.sk\/#\/schema\/person\/image\/\",\"url\":\"https:\/\/secure.gravatar.com\/avatar\/a61f327c6a81f0db6f0a9b218fd0495c?s=96&d=mm&r=g\",\"contentUrl\":\"https:\/\/secure.gravatar.com\/avatar\/a61f327c6a81f0db6f0a9b218fd0495c?s=96&d=mm&r=g\",\"caption\":\"szske\"},\"sameAs\":[\"http:\/\/moyzeska.sk\"],\"url\":\"https:\/\/moyzeska.sk\/index.php\/author\/szske\/\"}]}<\/script>\n<!-- \/ Yoast SEO plugin. -->","yoast_head_json":{"title":"Projektov\u00e9 stretnutie - Ko\u0161ice - Stredn\u00e1 zdravotn\u00edcka \u0161kola, Moyzesova 17, Ko\u0161ice","robots":{"index":"index","follow":"follow","max-snippet":"max-snippet:-1","max-image-preview":"max-image-preview:large","max-video-preview":"max-video-preview:-1"},"canonical":"https:\/\/moyzeska.sk\/index.php\/2011\/12\/16\/projektove-stretnutie-kosice\/","og_locale":"sk_SK","og_type":"article","og_title":"Projektov\u00e9 stretnutie - Ko\u0161ice - Stredn\u00e1 zdravotn\u00edcka \u0161kola, Moyzesova 17, Ko\u0161ice","og_description":"12. 12. 2011 \u2013 16. 12. 2011 12. \u2013 16. december&nbsp;boli v&nbsp;na\u0161ej \u0161kole v\u00fdnimo\u010dn\u00e9 dni \u2013 boli sme organiz\u00e1tormi projektov\u00e9ho stretnutia \u0161tudentov a&nbsp;u\u010dite\u013eov z&nbsp;Turecka, Gr\u00e9cka a Nemecka. Ako hos\u0165uj\u00faca \u0161kola sme sa cel\u00fd t\u00fd\u017ede\u0148 pobytu sna\u017eili na\u0161\u00edm priate\u013eom zo zahrani\u010dia spr\u00edjemni\u0165 \u010das str\u00e1ven\u00fd u n\u00e1s \u010do najviac a hlavn\u00fdm na\u0161\u00edm cie\u013eom bolo, aby si odn\u00e1\u0161ali &hellip;Zobrazi\u0165","og_url":"https:\/\/moyzeska.sk\/index.php\/2011\/12\/16\/projektove-stretnutie-kosice\/","og_site_name":"Stredn\u00e1 zdravotn\u00edcka \u0161kola, Moyzesova 17, Ko\u0161ice","article_publisher":"https:\/\/www.facebook.com\/Moyzeska","article_published_time":"2011-12-16T07:16:00+00:00","article_modified_time":"2021-02-17T09:00:47+00:00","author":"szske","twitter_card":"summary_large_image","twitter_misc":{"Autor":"szske","Predpokladan\u00fd \u010das \u010d\u00edtania":"4 min\u00faty"},"schema":{"@context":"https:\/\/schema.org","@graph":[{"@type":"Article","@id":"https:\/\/moyzeska.sk\/index.php\/2011\/12\/16\/projektove-stretnutie-kosice\/#article","isPartOf":{"@id":"https:\/\/moyzeska.sk\/index.php\/2011\/12\/16\/projektove-stretnutie-kosice\/"},"author":{"name":"szske","@id":"https:\/\/moyzeska.sk\/#\/schema\/person\/ccacd20eb0ebd5802c810abfe2658b27"},"headline":"Projektov\u00e9 stretnutie &#8211; Ko\u0161ice","datePublished":"2011-12-16T07:16:00+00:00","dateModified":"2021-02-17T09:00:47+00:00","mainEntityOfPage":{"@id":"https:\/\/moyzeska.sk\/index.php\/2011\/12\/16\/projektove-stretnutie-kosice\/"},"wordCount":1048,"publisher":{"@id":"https:\/\/moyzeska.sk\/#organization"},"articleSection":["Projekt Comenius"],"inLanguage":"sk-SK"},{"@type":"WebPage","@id":"https:\/\/moyzeska.sk\/index.php\/2011\/12\/16\/projektove-stretnutie-kosice\/","url":"https:\/\/moyzeska.sk\/index.php\/2011\/12\/16\/projektove-stretnutie-kosice\/","name":"Projektov\u00e9 stretnutie - Ko\u0161ice - Stredn\u00e1 zdravotn\u00edcka \u0161kola, Moyzesova 17, Ko\u0161ice","isPartOf":{"@id":"https:\/\/moyzeska.sk\/#website"},"datePublished":"2011-12-16T07:16:00+00:00","dateModified":"2021-02-17T09:00:47+00:00","breadcrumb":{"@id":"https:\/\/moyzeska.sk\/index.php\/2011\/12\/16\/projektove-stretnutie-kosice\/#breadcrumb"},"inLanguage":"sk-SK","potentialAction":[{"@type":"ReadAction","target":["https:\/\/moyzeska.sk\/index.php\/2011\/12\/16\/projektove-stretnutie-kosice\/"]}]},{"@type":"BreadcrumbList","@id":"https:\/\/moyzeska.sk\/index.php\/2011\/12\/16\/projektove-stretnutie-kosice\/#breadcrumb","itemListElement":[{"@type":"ListItem","position":1,"name":"Home","item":"https:\/\/moyzeska.sk\/"},{"@type":"ListItem","position":2,"name":"Projektov\u00e9 stretnutie &#8211; Ko\u0161ice"}]},{"@type":"WebSite","@id":"https:\/\/moyzeska.sk\/#website","url":"https:\/\/moyzeska.sk\/","name":"Stredn\u00e1 zdravotn\u00edcka \u0161kola, Moyzesova 17, Ko\u0161ice","description":"","publisher":{"@id":"https:\/\/moyzeska.sk\/#organization"},"potentialAction":[{"@type":"SearchAction","target":{"@type":"EntryPoint","urlTemplate":"https:\/\/moyzeska.sk\/?s={search_term_string}"},"query-input":"required name=search_term_string"}],"inLanguage":"sk-SK"},{"@type":"Organization","@id":"https:\/\/moyzeska.sk\/#organization","name":"Stredn\u00e1 zdravotn\u00edcka \u0161kola, Moyzesova 17, Ko\u0161ice","url":"https:\/\/moyzeska.sk\/","logo":{"@type":"ImageObject","inLanguage":"sk-SK","@id":"https:\/\/moyzeska.sk\/#\/schema\/logo\/image\/","url":"https:\/\/moyzeska.sk\/wp-content\/uploads\/2020\/09\/SZS-logo.png","contentUrl":"https:\/\/moyzeska.sk\/wp-content\/uploads\/2020\/09\/SZS-logo.png","width":300,"height":300,"caption":"Stredn\u00e1 zdravotn\u00edcka \u0161kola, Moyzesova 17, Ko\u0161ice"},"image":{"@id":"https:\/\/moyzeska.sk\/#\/schema\/logo\/image\/"},"sameAs":["https:\/\/www.facebook.com\/Moyzeska","https:\/\/www.instagram.com\/moyzeska\/"]},{"@type":"Person","@id":"https:\/\/moyzeska.sk\/#\/schema\/person\/ccacd20eb0ebd5802c810abfe2658b27","name":"szske","image":{"@type":"ImageObject","inLanguage":"sk-SK","@id":"https:\/\/moyzeska.sk\/#\/schema\/person\/image\/","url":"https:\/\/secure.gravatar.com\/avatar\/a61f327c6a81f0db6f0a9b218fd0495c?s=96&d=mm&r=g","contentUrl":"https:\/\/secure.gravatar.com\/avatar\/a61f327c6a81f0db6f0a9b218fd0495c?s=96&d=mm&r=g","caption":"szske"},"sameAs":["http:\/\/moyzeska.sk"],"url":"https:\/\/moyzeska.sk\/index.php\/author\/szske\/"}]}},"_links":{"self":[{"href":"https:\/\/moyzeska.sk\/index.php\/wp-json\/wp\/v2\/posts\/1208"}],"collection":[{"href":"https:\/\/moyzeska.sk\/index.php\/wp-json\/wp\/v2\/posts"}],"about":[{"href":"https:\/\/moyzeska.sk\/index.php\/wp-json\/wp\/v2\/types\/post"}],"author":[{"embeddable":true,"href":"https:\/\/moyzeska.sk\/index.php\/wp-json\/wp\/v2\/users\/1"}],"replies":[{"embeddable":true,"href":"https:\/\/moyzeska.sk\/index.php\/wp-json\/wp\/v2\/comments?post=1208"}],"version-history":[{"count":1,"href":"https:\/\/moyzeska.sk\/index.php\/wp-json\/wp\/v2\/posts\/1208\/revisions"}],"predecessor-version":[{"id":1209,"href":"https:\/\/moyzeska.sk\/index.php\/wp-json\/wp\/v2\/posts\/1208\/revisions\/1209"}],"wp:attachment":[{"href":"https:\/\/moyzeska.sk\/index.php\/wp-json\/wp\/v2\/media?parent=1208"}],"wp:term":[{"taxonomy":"category","embeddable":true,"href":"https:\/\/moyzeska.sk\/index.php\/wp-json\/wp\/v2\/categories?post=1208"},{"taxonomy":"post_tag","embeddable":true,"href":"https:\/\/moyzeska.sk\/index.php\/wp-json\/wp\/v2\/tags?post=1208"}],"curies":[{"name":"wp","href":"https:\/\/api.w.org\/{rel}","templated":true}]}}